{"id":4660,"date":"2024-02-23T13:05:20","date_gmt":"2024-02-23T13:05:20","guid":{"rendered":"https:\/\/www.wierszowisko.com\/?p=4660"},"modified":"2024-02-23T13:16:51","modified_gmt":"2024-02-23T13:16:51","slug":"wyniki-wierszowiskowego-konkursu-plastycznego-2","status":"publish","type":"post","link":"https:\/\/www.wierszowisko.com\/?p=4660","title":{"rendered":"Wyniki wierszowiskowego konkursu plastycznego"},"content":{"rendered":"\n<figure class=\"wp-block-image size-medium is-resized is-style-default\"><img loading=\"lazy\" src=\"https:\/\/i0.wp.com\/www.wierszowisko.com\/wp-content\/uploads\/nagroda-1.jpg?fit=300%2C255&amp;ssl=1\" alt=\"\" class=\"wp-image-4664\" width=\"225\" height=\"191\" srcset=\"https:\/\/i0.wp.com\/www.wierszowisko.com\/wp-content\/uploads\/nagroda-1.jpg?w=1913&amp;ssl=1 1913w, https:\/\/i0.wp.com\/www.wierszowisko.com\/wp-content\/uploads\/nagroda-1.jpg?resize=300%2C255&amp;ssl=1 300w, https:\/\/i0.wp.com\/www.wierszowisko.com\/wp-content\/uploads\/nagroda-1.jpg?resize=1024%2C869&amp;ssl=1 1024w, https:\/\/i0.wp.com\/www.wierszowisko.com\/wp-content\/uploads\/nagroda-1.jpg?resize=768%2C652&amp;ssl=1 768w, https:\/\/i0.wp.com\/www.wierszowisko.com\/wp-content\/uploads\/nagroda-1.jpg?resize=1536%2C1304&amp;ssl=1 1536w, https:\/\/i0.wp.com\/www.wierszowisko.com\/wp-content\/uploads\/nagroda-1.jpg?resize=150%2C127&amp;ssl=1 150w, https:\/\/i0.wp.com\/www.wierszowisko.com\/wp-content\/uploads\/nagroda-1.jpg?resize=400%2C340&amp;ssl=1 400w, https:\/\/i0.wp.com\/www.wierszowisko.com\/wp-content\/uploads\/nagroda-1.jpg?w=1280&amp;ssl=1 1280w\" sizes=\"(max-width: 225px) 100vw, 225px\" \/><\/figure>\n\n\n\n<p>W roku szkolnym 2023\/2024, konkurs plastyczny Wierszowiska przeprowadzi\u0142a <strong>Polska Szko\u0142a<br>Abecad\u0142o w Enschede.<\/strong><\/p>\n\n\n\n<p><br>Prace konkursowe przyjmowano do dnia 31.01.2024 roku.<br>Nadesz\u0142o 67 prac, kt\u00f3re by\u0142y oceniane w 6 kategoriach wiekowych oraz 4 prace grupowe.<\/p>\n\n\n\n<p>Komisja konkursowa zebra\u0142a si\u0119 dniu: 10.02.2024 roku w nast\u0119puj\u0105cym sk\u0142adzie:<\/p>\n\n\n\n<ul><li>Aldona B\u0142achut<\/li><li>Dorota Guzowska<\/li><li>Jolanta Zaragoza<\/li><\/ul>\n\n\n\n<p>Poziom prac by\u0142 bardzo wysoki. Prace by\u0142y zgodne z tematem, kreatywne, estetyczne i wykonane<br>r\u00f3\u017cnymi technikami plastycznymi. Komisja mia\u0142a trudny wyb\u00f3r.<br><strong>Wyniki konkursu przedstawiaj\u0105 si\u0119 nast\u0119puj\u0105co:<\/strong><\/p>\n\n\n\n<p><strong>Kategoria 3-4 lata:<\/strong><\/p>\n\n\n\n<ul><li>I miejsce &#8211; Antoni Kondraciuk \u2013 Polska Katolicka Szko\u0142a w Meterik<\/li><li>II miejsce &#8211; Hugo Tyto\u0144 \u2013 Polska Szko\u0142a Abecad\u0142o w Enschede<\/li><\/ul>\n\n\n\n<p><strong>Kategoria 5-6 lat:<\/strong><\/p>\n\n\n\n<ul><li>I miejsce &#8211; Marcel Zapa\u0142a \u2013 OSStoja Polska Szko\u0142a Polonijna w Oss<\/li><li>I miejsce &#8211; Hanna Flinterman \u2013 Polskie Centrum Edukacji i Kultury Lokomotywa w Amsterdamie<\/li><li>II miejsce &#8211; Karol Bru\u015b \u2013 Polska Szko\u0142a Tilburg<\/li><li>III miejsce &#8211; Dylan Smolak \u2013 Polska Szko\u0142a Schiedam<\/li><li>III miejsce &#8211; Laura Brzezina \u2013 Polska Katolicka Szko\u0142a w Meterik<\/li><li>wyr\u00f3\u017cnienie &#8211; Jakub Podkowa \u2013 Polska Szko\u0142a Kreda w Lisse<\/li><\/ul>\n\n\n\n<p><strong>Kategoria 7-8 lat:<\/strong><\/p>\n\n\n\n<ul><li>I miejsce &#8211; Nelly Brzezina \u2013 Polska Katolicka Szko\u0142a w Meterik<\/li><li>I miejsce &#8211; Milena Biedro\u0144 \u2013 OSStoja Polska Szko\u0142a Polonijna w Oss<\/li><li>II miejsce &#8211; Izabella Matuga \u2013 Polska Szko\u0142a Amersfoort<\/li><li>II miejsce &#8211; Jakub Rydel \u2013 Polska Szko\u0142a Amersfoort<\/li><li>III miejsce &#8211; Joasia Grandos-\u015awitakowska \u2013 Polskie Centrum Edukacji i Kultury Lokomotywa w<br>Amsterdamie<\/li><li>III miejsce &#8211; Lexi Koziarek \u2013 Polska Szko\u0142a Nijmegen-Arnhem<\/li><li>wyr\u00f3\u017cnienie &#8211; Madzia Pete \u2013 Polska Szko\u0142a Roosendal<\/li><\/ul>\n\n\n\n<p><strong>Kategoria 9-10 lat:<\/strong><\/p>\n\n\n\n<ul><li>I miejsce &#8211; Nicole Hulak \u2013 Polska Szko\u0142a Kreda w Lisse<\/li><li>II miejsce &#8211; Laura Bongers \u2013 Polska Szko\u0142a Tilburg<\/li><li>III miejsce &#8211; Aylin Gaya Cimek \u2013 Polska Szko\u0142a Abecad\u0142o w Enschede<\/li><li>wyr\u00f3\u017cnienie &#8211; Wiktoria Zeli\u0144ska \u2013 OSStoja Polska Szko\u0142a Polonijna w Oss<\/li><li>wyr\u00f3\u017cnienie &#8211; Sonia Siekierska \u2013 OSStoja Polska Szko\u0142a Polonijna w Oss<\/li><\/ul>\n\n\n\n<p><strong>Kategoria 11-12 lat:<\/strong><\/p>\n\n\n\n<ul><li>I miejsce &#8211; Alexander McHugh \u2013 Polskie Centrum Edukacji i Kultury Lokomotywa w<br>Amsterdamie<\/li><li>II miejsce &#8211; Lena Bulak \u2013 Polska Katolicka Szko\u0142a w Meterik<\/li><li>II miejsce &#8211; Micha\u0142 Cie\u015blak \u2013 Polska Katolicka Szko\u0142a w Meterik<\/li><li>III miejsce &#8211; Miko\u0142aj Rusek \u2013 Polska Szko\u0142a w Bredzie<\/li><li>wyr\u00f3\u017cnienie &#8211; Julia James \u2013 Polska Szko\u0142a Tilburg<\/li><li>wyr\u00f3\u017cnienie &#8211; Leon Pytel \u2013 Polska Szko\u0142a Tilburg<br><\/li><\/ul>\n\n\n\n<p><strong>Kategoria 13-15 lat:<\/strong><\/p>\n\n\n\n<ul><li>I miejsce &#8211; Wiktoria Siekierska \u2013 OSStoja Polska Szko\u0142a Polonijna w Oss<\/li><li>II miejsce &#8211; Livia Kobierska \u2013 Polska Szko\u0142a Tilburg<\/li><\/ul>\n\n\n\n<p><strong>Kategoria prac grupowych:<\/strong><\/p>\n\n\n\n<ul><li>I miejsce &#8211; OSStoja Polska Szko\u0142a Polonijna w Oss<\/li><li>II miejsce &#8211; Polskie Centrum Edukacji i Kultury Lokomotywa w Amsterdamie<\/li><li>III miejsce &#8211; Polska Szko\u0142a Roosendal<\/li><\/ul>\n\n\n\n<p>Nagrody dla laureat\u00f3w zostan\u0105 wr\u0119czone w dniu Wierszowiska, tj. 17.03.2024 r.<\/p>\n","protected":false},"excerpt":{"rendered":"\n<p>W roku szkolnym 2023\/2024, konkurs plastyczny Wierszowiska przeprowadzi\u0142a Polska Szko\u0142aAbecad\u0142o w Enschede.<\/p>\n<p>Prace konkursowe przyjmowano do dnia 31.01.2024 roku.Nadesz\u0142o 67 prac, kt\u00f3re by\u0142y oceniane w 6 kategoriach wiekowych oraz 4 prace grupowe.<\/p>\n<p>Komisja konkursowa zebra\u0142a si\u0119 dniu: 10.02.2024 roku w nast\u0119puj\u0105cym sk\u0142adzie:<\/p>\n<p> Aldona B\u0142achutDorota GuzowskaJolanta Zaragoza <\/p>\n<p>Poziom prac by\u0142 bardzo wysoki. Prace by\u0142y zgodne [&#8230;]<\/p>\n","protected":false},"author":1,"featured_media":0,"comment_status":"closed","ping_status":"open","sticky":false,"template":"","format":"standard","meta":{"ngg_post_thumbnail":0,"spay_email":"","jetpack_publicize_message":"","jetpack_is_tweetstorm":false,"jetpack_publicize_feature_enabled":true},"categories":[17],"tags":[],"jetpack_featured_media_url":"","_links":{"self":[{"href":"https:\/\/www.wierszowisko.com\/index.php?rest_route=\/wp\/v2\/posts\/4660"}],"collection":[{"href":"https:\/\/www.wierszowisko.com\/index.php?rest_route=\/wp\/v2\/posts"}],"about":[{"href":"https:\/\/www.wierszowisko.com\/index.php?rest_route=\/wp\/v2\/types\/post"}],"author":[{"embeddable":true,"href":"https:\/\/www.wierszowisko.com\/index.php?rest_route=\/wp\/v2\/users\/1"}],"replies":[{"embeddable":true,"href":"https:\/\/www.wierszowisko.com\/index.php?rest_route=%2Fwp%2Fv2%2Fcomments&post=4660"}],"version-history":[{"count":6,"href":"https:\/\/www.wierszowisko.com\/index.php?rest_route=\/wp\/v2\/posts\/4660\/revisions"}],"predecessor-version":[{"id":4671,"href":"https:\/\/www.wierszowisko.com\/index.php?rest_route=\/wp\/v2\/posts\/4660\/revisions\/4671"}],"wp:attachment":[{"href":"https:\/\/www.wierszowisko.com\/index.php?rest_route=%2Fwp%2Fv2%2Fmedia&parent=4660"}],"wp:term":[{"taxonomy":"category","embeddable":true,"href":"https:\/\/www.wierszowisko.com\/index.php?rest_route=%2Fwp%2Fv2%2Fcategories&post=4660"},{"taxonomy":"post_tag","embeddable":true,"href":"https:\/\/www.wierszowisko.com\/index.php?rest_route=%2Fwp%2Fv2%2Ftags&post=4660"}],"curies":[{"name":"wp","href":"https:\/\/api.w.org\/{rel}","templated":true}]}}