{"id":4548,"date":"2023-03-27T13:38:52","date_gmt":"2023-03-27T13:38:52","guid":{"rendered":"https:\/\/www.wierszowisko.com\/?p=4548"},"modified":"2023-03-29T12:47:35","modified_gmt":"2023-03-29T12:47:35","slug":"relacja-z-wierszowiska-2023","status":"publish","type":"post","link":"https:\/\/www.wierszowisko.com\/?p=4548","title":{"rendered":"Relacja z Wierszowiska 2023"},"content":{"rendered":"<p><em><strong>I \u0142aciate, i kud\u0142ate, pr\u0119gowane i skrzydlate<\/strong><\/em><br \/>\n<em><strong>te co skacz\u0105 i fruwaj\u0105, na Wierszowisko zapraszaj\u0105<\/strong><\/em><br \/>\n<em><strong>czyli Wiersze o zwierz\u0119tach!<\/strong><\/em><\/p>\n<p>Wierszowisko po raz 22. Dzie\u0144 pe\u0142en dobrych emocji, wzrusze\u0144, rado\u015bci, u\u015bmiech\u00f3w i przede wszystkich pe\u0142en poezji!<\/p>\n<p>Sw\u00f3j udzia\u0142 zg\u0142osi\u0142o w tym roku 80 os\u00f3b, z 11 szk\u00f3\u0142 cz\u0142onkowskich Forum. Nie wszyscy dojechali, ale 75 uczni\u00f3w zaprezentowa\u0142o si\u0119 na naszej scenie we wspania\u0142ych recytacjach indywidualnych. Jurorzy i \u00a0widzowie byli zgodni &#8211; poziom wyst\u0119p\u00f3w by\u0142 wysoki. Da\u0142o si\u0119 te\u017c zauwa\u017cy\u0107, \u017ce zdecydowanie \u0142adniejsza, staranniejsza by\u0142a wymowa trudnych polskich g\u0142osek.<\/p>\n<p>Wiersze by\u0142y r\u00f3\u017cnorodne, cho\u0107 zn\u00f3w dominowa\u0142a klasyka. Najcz\u0119\u015bciej wybieranymi wierszami w tym roku by\u0142y wiersze Jana Brzechwy (bo a\u017c 21!), Juliana Tuwima (5 wierszy), ale nie zabrak\u0142o utwor\u00f3w wsp\u00f3\u0142czesnych autor\u00f3w (wiersze \u0141ukasza D\u0119bskiego wybra\u0142o 5 uczestnik\u00f3w), po raz kolejny dwie dziewczynki recytowa\u0142y wiersz napisany przez ich tat\u0119 Franciszka Roguskiego. W repertuarze znalaz\u0142y si\u0119 te\u017c wiersze Wis\u0142awy Szymborskiej, co w roku noblistki by\u0142o mi\u0142ym akcentem.<\/p>\n<p>Po raz pierwszy na wierszowiskowej scenie obejrzeli\u015bmy duety. W nowej kategorii wiekowej wyst\u0105pi\u0142o 5 par. Siostry van Halteren zdecydowanie wzbudzi\u0142y najwi\u0119ksze zainteresowanie nie tylko publiczno\u015bci, ale i juror\u00f3w zdobywaj\u0105c pierwsze miejsce w tej kategorii. Nowa formu\u0142a chyba si\u0119 sprawdzi\u0142a, by\u0142a ciekawym urozmaiceniem dla wyst\u0119p\u00f3w indywidualnych. Daje te\u017c na pewno spore mo\u017cliwo\u015bci dla uczestnik\u00f3w. B\u0119dziemy kontynuowa\u0107!<\/p>\n<p>Czw\u00f3rka najm\u0142odszych uczestnik\u00f3w w kategorii 4-5 lat z odwag\u0105 zdoby\u0142a nasz\u0105 scen\u0119 i punkty juror\u00f3w. Ca\u0142a czw\u00f3rka wr\u00f3ci\u0142a do domu nagrodzona pucharami. Matylda Ku\u015b by\u0142a najm\u0142odsz\u0105 uczestniczk\u0105, dosta\u0142a dodatkowy puchar i misia Wierszowiska. Najm\u0142odsi uczestnicy przed swoim wyst\u0119pem mieli muzyczno-taneczn\u0105 rozgrzewk\u0119 z prowadz\u0105c\u0105 Wierszowisko Paulina Mat\u0142acz. Czy to rozgrzewka, czy wrodzone talenty, ale najm\u0142odsi wyst\u0105pili pi\u0119knie i nie dali si\u0119 tremie!<\/p>\n<p><strong>Najliczniejsze jak co roku kategorie wiekowe 6-7 lat i 8-9 lat<\/strong> (po 20 uczestnik\u00f3w w ka\u017cdej!) zaprezentowa\u0142y si\u0119 r\u00f3wnie dobrze. W\u015br\u00f3d najstarszych kategorii 10-11 i 12-14 lat najwi\u0119cej by\u0142y sta\u0142ych bywalc\u00f3w Wierszowiska. Czy wida\u0107 by\u0142o kto wyst\u0119puje po raz pierwszy, a kto po raz kolejny? Trema lub jej ca\u0142kowity brak nie jest zale\u017cna od cz\u0119stotliwo\u015bci pojawiania si\u0119 na scenie. Cho\u0107 na pewno kiedy staje si\u0119 na niej po raz pierwszy jest to wyj\u0105tkowe prze\u017cycie.<\/p>\n<p>Spora grupa uczestnik\u00f3w Wierszowiska to uczestnicy tak\u017ce innych konkurs\u00f3w &#8211; literackiego, fotograficznego, plastycznego. Mi\u0142o ogl\u0105da si\u0119 wyst\u0119py dzieci, kt\u00f3re wracaj\u0105 na scen\u0119 co rok, kt\u00f3re znane s\u0105 nam organizatorom tak\u017ce z innych konkurs\u00f3w. Aktywna, ambitna m\u0142odzie\u017c, wspierana i motywowana przez rodzic\u00f3w, dzieci kt\u00f3re ch\u0119tnie uczestnicz\u0105 w r\u00f3\u017cnych aktywno\u015bciach daj\u0105 nam organizatorom energi\u0119 do dzia\u0142ania!<br \/>\nCo cieszy\u0142o szczeg\u00f3lnie &#8211; to \u017ce laureaci gratulowali sobie nawzajem, autentycznie cieszyli si\u0119 z wygranej kole\u017canek i koleg\u00f3w z innych szk\u00f3\u0142. Te przyja\u017anie mi\u0119dzyszkolne to jedna z najpi\u0119kniejszych warto\u015bci dodanych tego wydarzenia.<\/p>\n<p>Go\u015b\u0107mi Wierszowiska byli pisarka, autorka wielu wierszy dla dzieci <strong>Agnieszka Fr\u0105czek<\/strong> oraz senator, aktor i re\u017cyser <strong>Jerzy Fedorowicz<\/strong>. Go\u015bcie Wierszowiska wnie\u015bli du\u017co energii, optymizmu, u\u015bmiechu i humoru. Widzowie mogli wys\u0142ucha\u0107 recytacji Jerzego Fedorowicza na scenie. Pani Agnieszka Fr\u0105czek z u\u015bmiechem wypisywa\u0142a w czasie przerw dedykacje do ksi\u0105\u017cek i pozowa\u0142a do zdj\u0119\u0107 z dzie\u0107mi. To jej pierwsza wizyta w Holandii, ale mamy nadziej\u0119, \u017ce nie ostatnia! Wiersze pani Agnieszki s\u0105 bardzo cz\u0119sto wybierane do recytacji na Wierszowisko.<\/p>\n<p>Wierszowisko jest i pozostanie konkursem &#8211; a to oznacza, \u017ce nie wszyscy zostan\u0105 nagrodzeni. Jako organizatorzy staramy si\u0119, aby nikt nie poczu\u0142 si\u0119 przegrany. Dlatego ju\u017c za sam wyst\u0119p ka\u017cdy dostaje medal, a nagrody za udzia\u0142 s\u0105 bogatsze i atrakcyjniejsze ni\u017c te dla laureat\u00f3w. W torbach z nagrodami w tym roku znalaz\u0142y si\u0119 ksi\u0105\u017cki pani Agnieszki Fr\u0105czek oraz dodatkowa lektura, gry o zwierz\u0119tach, s\u0142odycze od sponsora polskiego sklepu Ziomek, skarpetki &#8211; gad\u017cet od sponsora Efaktura, wierszowiskowy d\u0142ugopis i zak\u0142adka z wierszem Wis\u0142awy Szymborskiej.<\/p>\n<p>Laureaci dostali dodatkowe nagrody &#8211; ksi\u0105\u017cki, laureaci 1 miejsc w najstarszych kategoriach upominki z okazji Roku Szymborskiej ufundowane przez Fundacj\u0119 Szymborskiej, laureaci do 12 r.\u017c. otrzymali bilety na przedstawienie &#8220;Prawdziwy Przyjaciel&#8221;, kt\u00f3re odb\u0119dzie si\u0119 w Hadze 1.04. (t\u0105 nagrod\u0119 ufundowa\u0142 organizator przedstawienia Buda Staging Performance). Za zdobycie miejsc 1-2-3 laureaci zabrali do dom\u00f3w puchary Wierszowiska.<\/p>\n<p>W tym roku ponad po\u0142owa uczestnik\u00f3w wr\u00f3ci\u0142a do domu z nagrod\u0105! Wr\u0119czonych zosta\u0142o w sumie 39 nagr\u00f3d &#8211; miejsca 1, 2, 3 a tak\u017ce dodatkowe wyr\u00f3\u017cnienia. Oczywi\u015bcie brak pucharu bywa dla niekt\u00f3rych rozczarowuj\u0105cy, ale z do\u015bwiadcze\u0144 wielu lat wiemy, \u017ce dzieci musz\u0105 si\u0119 z takimi rozczarowaniami zmierzy\u0107, nauczy\u0107 si\u0119 cieszy\u0107 z udanego wyst\u0119pu bez wzgl\u0119du na to czy zostanie nagrodzony miejscem czy nie. Ogromne podzi\u0119kowania dla rodzic\u00f3w, kt\u00f3rzy towarzysz\u0105 dzieciom w tej drodze i ucz\u0105 \u017ce nie wygrana jest najwa\u017cniejsza! A nam mi\u0142o popatrze\u0107 jak dzieci, kt\u00f3re maj\u0105c 5, 6 lat p\u0142aka\u0142y z powodu braku nagrody, jako 10, 12 latki ciesz\u0105 si\u0119 z wygranej koleg\u00f3w i dumne s\u0105 ze swojego udanego wyst\u0119pu mimo braku pucharu.<\/p>\n<p>Uczestnik\u00f3w ocenia\u0142o jury sk\u0142adaj\u0105ce si\u0119 z przedstawicieli organizacji o\u015bwiatowych, os\u00f3b zwi\u0105zanych z teatrem, sztuk\u0105, nauk\u0105 i \u015brodowiskiem polonijnym.\u00a0<strong>W tym roku jurorami byli: El\u017cbieta Niemczuk-Weiss (Levende Talen, Uniwersytet w Amsterdamie), Hanna Grosfeld-Buda (re\u017cyserka, dziennikarka), dr Paul Hulsenboom (historyk, Uniwersytet Radbouda w Nijmegen, by\u0142y uczestnik Wierszowiska), Jerzy Maciej Fedorowicz (dyrektor Teatru Ludowego z Krakowa), Ma\u0142gorzata Rosek (prezes Macierzy z Irlandii), Katarzyna Smoter (konsul RP w Hadze) a sekretarzem jury Dagmara Bobak (konsul RP w Hadze)<\/strong>. Jury by\u0142o zgodne w swoich wyborach!<\/p>\n<p>Nie zabrak\u0142o atrakcji dodatkowych. W kawiarni teatru mo\u017cna by\u0142o uczestniczy\u0107 w zabawach plastycznych, rozwi\u0105za\u0107 <strong>Quiz Wierszowiska<\/strong>, u\u0142o\u017cy\u0107 puzzle &#8211; s\u0142oneczko. Swoje stoiska autorskie mia\u0142y Agnieszka Fr\u0105czek oraz Agnieszka Zakrzewska. Obecni byli sponsorzy.<br \/>\nZ okazji Roku Wis\u0142awy Szymborskiej mo\u017cna by\u0142o wygra\u0107 ksi\u0105\u017ck\u0119 \u201cWiersze wszystkie\u201d. Wystarczy\u0142o napisa\u0107 dlaczego chcecie wygra\u0107 t\u0105 ksi\u0105\u017ck\u0119. W holu zaprezentowane\u00a0zosta\u0142y prace plastyczne dzieci nades\u0142ane na towarzysz\u0105cy Wierszowisku konkurs\u00a0plastyczny. Swoje miejsce znalaz\u0142a tak\u017ce wystawa konkursu fotograficznego <strong>\u201cPolska w\u00a0Obiektywie Polonijnego Dziecka\u201d<\/strong> organizowana r\u00f3wnie\u017c przez Forum Polskich Szk\u00f3\u0142 w\u00a0Holandii.<\/p>\n<p>Na scenie zaprezentowana zosta\u0142a tak\u017ce miniatura teatralna \u201ePani Twardowska\u201d przygotowana przez kadr\u0119 Polskiej Szko\u0142y Schiedam z okazji 15-lecia Fundacja NPC Quo Vadis i Polskiej Szko\u0142y Schiedam oraz w ramach ostatniej edycji Narodowego Czytania, kt\u00f3re dedykowane by\u0142o \u201eBalladom i romansom\u201d Adama Mickiewicza. Wyst\u0119p by\u0142 ciekawym urozmaiceniem indywidualnych recytacji dzieci.<\/p>\n<p>Do poprowadzenia tegorocznego konkursu zaprosili\u015bmy Paul\u0119 Mat\u0142acz, nauczycielk\u0119 z Polskiej Szko\u0142y w Bredzie oraz dwie absolwentki, by\u0142e uczestniczki Wierszowiska &#8211; Klar\u0119 Cyrys i Valeri\u0119 van Halteren. Pomys\u0142 okaza\u0142 si\u0119 strza\u0142em w dziesi\u0105tk\u0119 &#8211; dziewczyny swobodnie czu\u0142y si\u0119 na scenie, cieszy\u0142y atmosfer\u0105. Pi\u0119knie razem z nimi na scenie prezentowa\u0142y si\u0119 w strojach ludowych Kamila Batorska i jej c\u00f3rka Alicja. Panie wr\u0119cza\u0142y na scenie medale i nagrody za udzia\u0142. Wierszowisko tradycyjnie rozpoczyna i ko\u0144czy zarz\u0105d FPSN. W tym roku konieczne by\u0142o zast\u0119pstwo, o powr\u00f3t na scen\u0119 poprosili\u015bmy Gosi\u0119 Sm\u00f3\u0142k\u0119, organizatork\u0119 konkursu do jego 15. edycji, a od kilku lat wolontariuszk\u0119 wydarzenia.<\/p>\n<p>Zupe\u0142nym zaskoczeniem dla organizatorek by\u0142o otrzymanie Medalu Or\u0142a Bia\u0142ego, kt\u00f3ry przywi\u00f3z\u0142 ze sob\u0105 senator Jerzy Fedorowicz i wr\u0119czy\u0142 na scenie zarz\u0105dowi Forum Polskich Szk\u00f3\u0142 w Holandii. Dzi\u0119kujemy za to wyr\u00f3\u017cnienie!<\/p>\n<p><strong>Patronaty nad Wierszowiskiem<\/strong> obj\u0119\u0142a Ambasada RP w Hadze, Fundacja Wis\u0142awy Szymborskiej, pisma Kumpel i Cogito dla Polonii oraz polonijne organizacje i media &#8211; Pepe.tv, Niedziela.nl, Pnkv, Communication Unlimited, Scena Polska, Levende Talen, Uniwersytet w Amsterdamie.<\/p>\n<p><strong>Dzi\u0119kujemy pi\u0119knie za wsparcie<\/strong> wszystkim sponsorom oraz darczy\u0144com prywatnym za wsparcie bez kt\u00f3rego nie by\u0142oby mo\u017cliwe zorganizowanie festiwalu.<br \/>\nDzi\u0119kujemy wolontariuszom &#8211; a w tym roku a\u017c 30 os\u00f3b pomaga\u0142o dzi\u0119ki czemu wszystko dzia\u0142a\u0142o tak jak trzeba.\u00a0Dzi\u0119kujemy mediom Pepe.tv, fotografom Dariuszowi Bochmannowi, Danielowi Kempistemu i Andrzejowi Trusiowi za obecno\u015b\u0107 i relacje!\u00a0Dzi\u0119kujemy szko\u0142om, nauczycielom, rodzicom za przygotowanie dzieci!<br \/>\nDzi\u0119kujemy najpi\u0119kniej bohaterom dnia &#8211; polonijnym dzieciom i m\u0142odzie\u017cy &#8211; za pi\u0119kne recytacje i wyst\u0119py na wierszowiskowej scenie!<\/p>\n<p><strong>Wierszowisko 2024 odb\u0119dzie si\u0119 17 marca. Obejrzymy w\u00f3wczas wyst\u0119py grupowe szk\u00f3\u0142. Temat zostaje taki sam jak w tym roku.<\/strong><\/p>\n<p>LINKI:<\/p>\n<p>Fotorelacje:<br \/>\n<strong>Andrzej Tru\u015b Photography<\/strong><br \/>\ncz\u0119\u015b\u0107 1 <a href=\"https:\/\/www.facebook.com\/media\/set\/?set=a.911834413200697&amp;type=3\" target=\"_blank\" rel=\"noopener\">https:\/\/www.facebook.com\/media\/set\/?set=a.911834413200697&amp;type=3<\/a><\/p>\n<p>cz\u0119\u015b\u0107 2 <a href=\"https:\/\/www.facebook.com\/media\/set\/?set=a.912467476470724&amp;type=3\" target=\"_blank\" rel=\"noopener\">https:\/\/www.facebook.com\/media\/set\/?set=a.912467476470724&amp;type=3<\/a><\/p>\n<p><strong>Dariusz Bochmann<\/strong><br \/>\n<a href=\"https:\/\/www.facebook.com\/media\/set\/?set=a.6200365923335294&amp;type=3\" target=\"_blank\" rel=\"noopener\">https:\/\/www.facebook.com\/media\/set\/?set=a.6200365923335294&amp;type=3<\/a><\/p>\n<p><strong>Daniel Kempisty<\/strong> <a href=\"https:\/\/www.facebook.com\/daniel.kempisty\/posts\/pfbid0fHh9S67zYXqExWfg1h4SjLKtAYz4o6BzKgdRCHru9VJTMYRE6eEXCLam4KPqefdQl\" target=\"_blank\" rel=\"noopener\">https:\/\/www.facebook.com\/daniel.kempisty\/posts\/pfbid0fHh9S67zYXqExWfg1h4SjLKtAYz4o6BzKgdRCHru9VJTMYRE6eEXCLam4KPqefdQl<\/a><\/p>\n<div class=\"fb-post\" data-href=\"https:\/\/www.facebook.com\/daniel.kempisty\/posts\/pfbid0r9Q4gfvVXGtnYjxKU8yRzZij125rCnKH69HAAVi18Xnayq2bb71NeTWLxNSjEp1Bl\" data-width=\"552\"><\/div>\n<p>Relacje filmowe:<br \/>\n<strong>TV Polonia<\/strong><br \/>\n<a href=\"https:\/\/polonia24.tvp.pl\/68613735\/22-bitwa-na-wiersze-w-holenderskim-wijchen\" target=\"_blank\" rel=\"noopener\">https:\/\/polonia24.tvp.pl\/68613735\/22-bitwa-na-wiersze-w-holenderskim-wijchen<\/a><\/p>\n<p><strong>Dariusz Bochmann<\/strong><br \/>\nCz\u0119\u015b\u0107 1 Rozpocz\u0119cie, kategoria 12-14 lat <a href=\"https:\/\/www.youtube.com\/watch?v=q0UUERXlA3g\" target=\"_blank\" rel=\"noopener\">https:\/\/www.youtube.com\/watch?v=q0UUERXlA3g<\/a><\/p>\n<p>Cz\u0119\u015b\u0107 2 Kategoria 10-11 lat<br \/>\n<a href=\"https:\/\/www.youtube.com\/watch?v=-hkzvrjyVWs\" target=\"_blank\" rel=\"noopener\">https:\/\/www.youtube.com\/watch?v=-hkzvrjyVWs<\/a><\/p>\n<p>Cz\u0119\u015b\u0107 3 Kategoria 8-9 lat<br \/>\n<a href=\"https:\/\/www.youtube.com\/watch?v=QXGirOzAbuQ\" target=\"_blank\" rel=\"noopener\">https:\/\/www.youtube.com\/watch?v=QXGirOzAbuQ<\/a><\/p>\n<p>Cz\u0119\u015b\u0107 4 Wr\u0119czenie nagr\u00f3d w konkursie plastycznym <a href=\"https:\/\/www.youtube.com\/watch?v=zVDTfUPq9zw\" target=\"_blank\" rel=\"noopener\">https:\/\/www.youtube.com\/watch?v=zVDTfUPq9zw<\/a><\/p>\n<p>Cz\u0119\u015b\u0107 5 kategoria 6-7 lat<br \/>\n<a href=\"https:\/\/www.youtube.com\/watch?v=86ofD-gE4kc\" target=\"_blank\" rel=\"noopener\">https:\/\/www.youtube.com\/watch?v=86ofD-gE4kc<\/a><\/p>\n<p>Cz\u0119\u015b\u0107 6 Kategoria 4-5 lat oraz duety<br \/>\n<a href=\"https:\/\/www.youtube.com\/watch?v=z_i5F-tpc68\" target=\"_blank\" rel=\"noopener\">https:\/\/www.youtube.com\/watch?v=z_i5F-tpc68<\/a><\/p>\n<p>Cz\u0119\u015b\u0107 7 Quiz Wierszowiska, Krasnoludkowa Podr\u00f3\u017c \u017byczliwka i loteria z okazji Roku Szymborskiej<br \/>\n<a href=\"https:\/\/www.youtube.com\/watch?v=JacGbcG98_U\" target=\"_blank\" rel=\"noopener\">https:\/\/www.youtube.com\/watch?v=JacGbcG98_U<\/a><\/p>\n<p>Relacje prasowe:<br \/>\n<strong>Gelderlaner:<\/strong><br \/>\n<a href=\"https:\/\/www.gelderlander.nl\/wijchen\/poolse-kinderen-vieren-de-poezie-in-theater-t-mozaiek-in-wijchen~a122e35c\/\" target=\"_blank\" rel=\"noopener\">https:\/\/www.gelderlander.nl\/wijchen\/poolse-kinderen-vieren-de-poezie-in-theater-t-mozaiek-in-wijchen~a122e35c\/<\/a><\/p>\n<p><strong>Ad.nl<\/strong><br \/>\n<a href=\"https:\/\/www.ad.nl\/wijchen\/poolse-kinderen-vieren-de-poezie-in-theater-t-mozaiek-in-wijchen~a122e35c\/?referrer=https%3A%2F%2Fglospolski.nl%2F\" target=\"_blank\" rel=\"noopener\">https:\/\/www.ad.nl\/wijchen\/poolse-kinderen-vieren-de-poezie-in-theater-t-mozaiek-in-wijchen~a122e35c\/?referrer=https%3A%2F%2Fglospolski.nl%2F<\/a><\/p>\n<p><strong>Wijchense nieuws:<\/strong><br \/>\n<a href=\"https:\/\/www.wijchensnieuws.nl\/Nieuws\/155120\/zondag-19-maart-festival-van-de-poolse-pozie-voor-kinderen-in-theater-t-mozaek.html\" target=\"_blank\" rel=\"noopener\">https:\/\/www.wijchensnieuws.nl\/Nieuws\/155120\/zondag-19-maart-festival-van-de-poolse-pozie-voor-kinderen-in-theater-t-mozaek.html<\/a><\/p>\n<p><strong>G\u0142os Polski:<\/strong><br \/>\n<a href=\"https:\/\/glospolski.nl\/wierszowisko-2023\/\" target=\"_blank\" rel=\"noopener\">https:\/\/glospolski.nl\/wierszowisko-2023\/<\/a><\/p>\n<p><strong>Communication Unlimited:<\/strong><br \/>\n<a href=\"https:\/\/pl.communications-unlimited.nl\/festiwal-poezji-dla-dzieci-wierszowisko-2023\/\" target=\"_blank\" rel=\"noopener\">https:\/\/pl.communications-unlimited.nl\/festiwal-poezji-dla-dzieci-wierszowisko-2023\/<\/a><\/p>\n","protected":false},"excerpt":{"rendered":"<p>I \u0142aciate, i kud\u0142ate, pr\u0119gowane i skrzydlate te co skacz\u0105 i fruwaj\u0105, na Wierszowisko zapraszaj\u0105 czyli Wiersze o zwierz\u0119tach!<\/p>\n<p>Wierszowisko po raz 22. Dzie\u0144 pe\u0142en dobrych emocji, wzrusze\u0144, rado\u015bci, u\u015bmiech\u00f3w i przede wszystkich pe\u0142en poezji!<\/p>\n<p>Sw\u00f3j udzia\u0142 zg\u0142osi\u0142o w tym roku 80 os\u00f3b, z 11 szk\u00f3\u0142 cz\u0142onkowskich Forum. Nie wszyscy dojechali, ale 75 uczni\u00f3w zaprezentowa\u0142o [&#8230;]<\/p>\n","protected":false},"author":1,"featured_media":0,"comment_status":"closed","ping_status":"open","sticky":false,"template":"","format":"standard","meta":{"ngg_post_thumbnail":0,"spay_email":"","jetpack_publicize_message":"","jetpack_is_tweetstorm":false,"jetpack_publicize_feature_enabled":true},"categories":[17],"tags":[14,85],"jetpack_featured_media_url":"","_links":{"self":[{"href":"https:\/\/www.wierszowisko.com\/index.php?rest_route=\/wp\/v2\/posts\/4548"}],"collection":[{"href":"https:\/\/www.wierszowisko.com\/index.php?rest_route=\/wp\/v2\/posts"}],"about":[{"href":"https:\/\/www.wierszowisko.com\/index.php?rest_route=\/wp\/v2\/types\/post"}],"author":[{"embeddable":true,"href":"https:\/\/www.wierszowisko.com\/index.php?rest_route=\/wp\/v2\/users\/1"}],"replies":[{"embeddable":true,"href":"https:\/\/www.wierszowisko.com\/index.php?rest_route=%2Fwp%2Fv2%2Fcomments&post=4548"}],"version-history":[{"count":6,"href":"https:\/\/www.wierszowisko.com\/index.php?rest_route=\/wp\/v2\/posts\/4548\/revisions"}],"predecessor-version":[{"id":4573,"href":"https:\/\/www.wierszowisko.com\/index.php?rest_route=\/wp\/v2\/posts\/4548\/revisions\/4573"}],"wp:attachment":[{"href":"https:\/\/www.wierszowisko.com\/index.php?rest_route=%2Fwp%2Fv2%2Fmedia&parent=4548"}],"wp:term":[{"taxonomy":"category","embeddable":true,"href":"https:\/\/www.wierszowisko.com\/index.php?rest_route=%2Fwp%2Fv2%2Fcategories&post=4548"},{"taxonomy":"post_tag","embeddable":true,"href":"https:\/\/www.wierszowisko.com\/index.php?rest_route=%2Fwp%2Fv2%2Ftags&post=4548"}],"curies":[{"name":"wp","href":"https:\/\/api.w.org\/{rel}","templated":true}]}}