{"id":3891,"date":"2021-06-16T20:59:11","date_gmt":"2021-06-16T20:59:11","guid":{"rendered":"https:\/\/www.wierszowisko.com\/?p=3891"},"modified":"2021-06-20T18:34:06","modified_gmt":"2021-06-20T18:34:06","slug":"wyniki-xx-wierszowiska","status":"publish","type":"post","link":"https:\/\/www.wierszowisko.com\/?p=3891","title":{"rendered":"Wyniki XX Wierszowiska"},"content":{"rendered":"<p>Og\u0142aszamy wyniki XX Wierszowiska, kt\u00f3rego Fina\u0142 odby\u0142 si\u0119 13 czerwaca w Tilburgu. Gratulujemy wszystkim uczestnikom!<\/p>\n<p><strong><span style=\"color: #800000;\">Kategoria 4-5 lat<\/span>&nbsp;&nbsp; &nbsp;&nbsp;<\/strong>&nbsp; &nbsp;<br \/>\nI miejsce<br \/>\n<strong>Julia P\u0142onek<\/strong>, PS Enschede &#8211; &#8220;Czekoladki dla s\u0105siadki&#8221; Dorota Gellner&nbsp;&nbsp; &nbsp;<\/p>\n<p>II miejsce<br \/>\n<strong>Patryk S\u0142omi\u0144ski<\/strong>, PS Tilburg &#8211; &#8220;Czarna krowa&#8221; Natalia Usenko&nbsp;&nbsp; &nbsp;<\/p>\n<p>III miejsce Ex aequo<br \/>\n<strong>Melissa Madej<\/strong>, PS Roosendaal &#8211; &#8220;Mam trzy latka&#8221; Irena Suchorzewska&nbsp;&nbsp; &nbsp;<br \/>\n<strong>Kamil Lipka<\/strong>, PS Tilburg &#8211; &#8220;Kura w g\u00f3rach&#8221; Marcin Przewo\u017aniak&nbsp;&nbsp; &nbsp;&nbsp;&nbsp; &nbsp;&nbsp;&nbsp; &nbsp;&nbsp;&nbsp; &nbsp;&nbsp;&nbsp; &nbsp;&nbsp;&nbsp; &nbsp;<\/p>\n<p>Wyr\u00f3\u017cnienie<br \/>\n<strong>J\u00f3zefina Bartel<\/strong>, PS Lokomotywa Amsterdam &#8211;&nbsp; &#8220;Wiosna&#8221; Kamila Bednarek<\/p>\n<p><span style=\"color: #800000;\"><strong>Kategoria 6-7 lat<\/strong><\/span><br \/>\nI miejsce<br \/>\n<strong>Helena James<\/strong>, PS Tilburg &#8211; &#8220;Co s\u0142ycha\u0107 we wsi&#8221; Wanda Chotomska &#8211;&nbsp; oraz wyr\u00f3\u017cnienie jurora Jerzego Federowicza<\/p>\n<p>II miejsce<br \/>\n<strong>Julia Soszy\u0144ska<\/strong>, PS Osstoja &#8211; &#8220;Kropka&#8221; Hanna Niewiadomska&nbsp;&nbsp; &nbsp;<\/p>\n<p>III miejsce Ex aequo<br \/>\n<strong>Liliana Roguska<\/strong>, PS Breda &#8211; &#8220;Lila&#8221; Franciszek Roguski<br \/>\n<strong>Hubert Maciolek<\/strong>, PS Meterik &#8211; &#8220;Niekt\u00f3rzy lubi\u0105 poezj\u0119&#8221; Wis\u0142awa Szymborska&nbsp;&nbsp; &nbsp;<\/p>\n<p>Wyr\u00f3\u017cnienia<br \/>\n<strong>Emilia P\u0142onek<\/strong>, PS Enschede &#8211; &#8220;A w moim domu&#8221; Agnieszka Fr\u0105czek &#8211; oraz wyr\u00f3\u017cnienie jurora Jolanty Tatara&nbsp;&nbsp; &nbsp;<br \/>\n<strong>Laura Dybowska, <\/strong>PS Nijmegen &#8211; &#8220;Na smutki&#8221; Agnieszka Fr\u0105czek&nbsp;&nbsp; &nbsp;<\/p>\n<p><strong>Weronika Majchrzyk<\/strong> &#8211; PS Nijmegen &#8211; &#8220;\u015aniadanko baranka&#8221; Dorota Gellner &#8211; wyr\u00f3\u017cnienie jurora Ma\u0142gorzaty Sm\u00f3\u0142ki: <em>za pi\u0119kny u\u015bmiech, radzenie sobie z trem\u0105 sceniczn\u0105 i zabawn\u0105 interpretacje wiersza<\/em>&nbsp;&nbsp; &nbsp;<\/p>\n<p><strong>Emilia Marchel<\/strong>, PS Utrecht &#8211; &#8220;Bosa Osa&#8221; Dorota Gellner &#8211; wyr\u00f3\u017cnienie jurora El\u017cbiety Niemczuk-Weiss: <em>za aktorskie odegranie g\u0142osem, gestem i strojem wiersza \u201eBosa osa&#8221; Doroty Gellner<\/em><\/p>\n<p><span style=\"color: #800000;\"><strong>Kategoria 8-9 lat<\/strong><\/span><br \/>\nI miejsce<br \/>\n<strong>Nathan Tru\u015b<\/strong>, PS Tilburg &#8211; &#8220;Jajka z wy\u017cszej sfery&#8221; Agnieszka Fr\u0105czek<\/p>\n<p>II miejsce<br \/>\n<strong>Lena Pokora<\/strong>, PS Breda &#8211; &#8220;Pobudka&#8221; Hanna Niewiadomska<\/p>\n<p>III miejsce<br \/>\n<strong>Natasza Adamiec<\/strong>, PS Utrecht &#8211; &#8220;O Monisi strojnisi&#8221; Ewa Mleko<\/p>\n<p>Wyr\u00f3\u017cnienia:<br \/>\n<strong>Zenek Somers<\/strong>, PS Lokomotywa Amsterdam &#8211; &#8220;Kocyk&#8221; Michal Rusinek&nbsp;&nbsp; &nbsp;<br \/>\n<strong>Rosalie Roguska<\/strong>, PS Breda&nbsp; &#8211; &#8220;Czekoladki dla s\u0105siadki&#8221; Agnieszka Fr\u0105czek<\/p>\n<p><span style=\"color: #800000;\"><strong>Kategoria 10-11 lat<\/strong><\/span><br \/>\nI miejsce<br \/>\n<strong>Kevin Zwoi\u0144ski<\/strong>, PS Osstoja &#8211; &#8220;Sanatorium&#8221; Dorota Gellner&nbsp;&nbsp;<\/p>\n<p>II miejsce<br \/>\n<strong>Salomea van Halteren<\/strong>, PS Tilburg &#8211; &#8220;Taniec iskry&#8221; Leszek Sulima Ciundziewicki<\/p>\n<p>III miejsce<br \/>\n<strong>Vanessa Madej<\/strong>, PS Roosendaal &#8211; &#8220;Rogal i bu\u0142ka&#8221; Hanna Niewiadomska &#8211; oraz wyr\u00f3\u017cnienie jurora Marka Michalaka<\/p>\n<p>Wyr\u00f3\u017cnienie<br \/>\n<strong>Wiktoria Br\u0105giel<\/strong>, PS Tilburg &#8211; &#8220;Ciekawska Cecylia&#8221; \u0141ukasz D\u0119bski<\/p>\n<p><strong>Milena van Calck<\/strong>, PS Amersfoort&nbsp; &#8211; &#8220;Szklana Przechwalanka&#8221; Hanna Niewiadomska &#8211; wyr\u00f3\u017cnienie jurora Tomka Karawajczyka ORAZ wyr\u00f3\u017cnienie od Polskiej Sekcji organizacji nauczycieli j\u0119zyk\u00f3w nowo\u017cytnych Levende Talen<\/p>\n<p><strong>Vivienna R\u00f3\u017cy\u0144ska<\/strong>, PS Meterik &#8211; &#8220;Konik i m\u00f3l&#8221; Wanda Chotomska &#8211; wyr\u00f3\u017cnienie Levende Talen: <em>za przepi\u0119kna wymow\u0119 trudnych wyraz\u00f3w w wierszu \u201eKornik i m\u00f3l\u201d Wandy Chotomskiej<\/em><\/p>\n<p><span style=\"color: #800000;\"><strong>Kategoria 12-14 lat<\/strong><\/span><\/p>\n<p>I miejsce<br \/>\n<strong>Thomas Bragt<\/strong>, PS Osstoja &#8211; &#8220;Pozna\u0144skie kozio\u0142ki&#8221; Agnieszka Fr\u0105czek oraz nagroda Puchar Konsula<\/p>\n<p>II miejsce<br \/>\n<strong>Kelly Anoumou<\/strong>, PS Enschede &#8211; &#8220;Ston\u00f3\u017cka z Pimpifluszek&#8221; Ludwik Jerzy Kern&nbsp;&nbsp; &nbsp;<\/p>\n<p>III miejsce<br \/>\n<strong>Valeria van Halteren<\/strong>, PS Tilburg &#8211; &#8220;Synek&#8221; Agnieszka Suchowierska<\/p>\n<p>Wyr\u00f3\u017cnienie<br \/>\n<strong>Julia van Halteren<\/strong>, PS Tilburg &#8211; &#8220;Chrz\u0105szcz i g\u0105szcz&#8221; Urszula Koz\u0142owska<\/p>\n<p><strong>Livia Kobierska<\/strong>, PS Tilburg &#8211; &#8220;\u015apiewa\u0142o po lesie&#8221; Joanna Kulimowa &#8211; wyr\u00f3\u017cnienie jurorki Barbary Wojdy<\/p>\n<p><strong>Zdj\u0119cia z Wierszowiska<\/strong><br \/>\n<a href=\"https:\/\/www.facebook.com\/media\/set?vanity=andrzejtrusphotography&amp;set=a.2653536911617211\" target=\"_blank\" rel=\"noopener noreferrer\">https:\/\/www.facebook.com\/media\/set?vanity=andrzejtrusphotography&amp;set=a.2653536911617211<\/a><\/p>\n<p><a href=\"https:\/\/www.facebook.com\/media\/set\/?vanity=andrzejtrusphotography&amp;set=a.2654189804885255\" target=\"_blank\" rel=\"noopener noreferrer\">https:\/\/www.facebook.com\/media\/set\/?vanity=andrzejtrusphotography&amp;set=a.2654189804885255<\/a><\/p>\n<p>&nbsp;<\/p>\n<p>&nbsp;<\/p>\n<p>&nbsp;<\/p>\n<p>&nbsp;<\/p>\n<p>&nbsp;<\/p>\n","protected":false},"excerpt":{"rendered":"<p>Og\u0142aszamy wyniki XX Wierszowiska, kt\u00f3rego Fina\u0142 odby\u0142 si\u0119 13 czerwaca w Tilburgu. Gratulujemy wszystkim uczestnikom!<\/p>\n<p>Kategoria 4-5 lat&nbsp;&nbsp; &nbsp;&nbsp;&nbsp; &nbsp; I miejsce Julia P\u0142onek, PS Enschede &#8211; &#8220;Czekoladki dla s\u0105siadki&#8221; Dorota Gellner&nbsp;&nbsp; &nbsp;<\/p>\n<p>II miejsce Patryk S\u0142omi\u0144ski, PS Tilburg &#8211; &#8220;Czarna krowa&#8221; Natalia Usenko&nbsp;&nbsp; &nbsp;<\/p>\n<p>III miejsce Ex aequo Melissa Madej, PS Roosendaal &#8211; &#8220;Mam [&#8230;]<\/p>\n","protected":false},"author":1,"featured_media":0,"comment_status":"closed","ping_status":"open","sticky":false,"template":"","format":"standard","meta":{"ngg_post_thumbnail":0,"spay_email":"","jetpack_publicize_message":"","jetpack_is_tweetstorm":false,"jetpack_publicize_feature_enabled":true},"categories":[57,39,50],"tags":[],"jetpack_featured_media_url":"","_links":{"self":[{"href":"https:\/\/www.wierszowisko.com\/index.php?rest_route=\/wp\/v2\/posts\/3891"}],"collection":[{"href":"https:\/\/www.wierszowisko.com\/index.php?rest_route=\/wp\/v2\/posts"}],"about":[{"href":"https:\/\/www.wierszowisko.com\/index.php?rest_route=\/wp\/v2\/types\/post"}],"author":[{"embeddable":true,"href":"https:\/\/www.wierszowisko.com\/index.php?rest_route=\/wp\/v2\/users\/1"}],"replies":[{"embeddable":true,"href":"https:\/\/www.wierszowisko.com\/index.php?rest_route=%2Fwp%2Fv2%2Fcomments&post=3891"}],"version-history":[{"count":7,"href":"https:\/\/www.wierszowisko.com\/index.php?rest_route=\/wp\/v2\/posts\/3891\/revisions"}],"predecessor-version":[{"id":3900,"href":"https:\/\/www.wierszowisko.com\/index.php?rest_route=\/wp\/v2\/posts\/3891\/revisions\/3900"}],"wp:attachment":[{"href":"https:\/\/www.wierszowisko.com\/index.php?rest_route=%2Fwp%2Fv2%2Fmedia&parent=3891"}],"wp:term":[{"taxonomy":"category","embeddable":true,"href":"https:\/\/www.wierszowisko.com\/index.php?rest_route=%2Fwp%2Fv2%2Fcategories&post=3891"},{"taxonomy":"post_tag","embeddable":true,"href":"https:\/\/www.wierszowisko.com\/index.php?rest_route=%2Fwp%2Fv2%2Ftags&post=3891"}],"curies":[{"name":"wp","href":"https:\/\/api.w.org\/{rel}","templated":true}]}}