{"id":3887,"date":"2021-06-08T21:56:41","date_gmt":"2021-06-08T21:56:41","guid":{"rendered":"https:\/\/www.wierszowisko.com\/?p=3887"},"modified":"2021-07-11T21:40:36","modified_gmt":"2021-07-11T21:40:36","slug":"finalisci-wierszowiska-2021","status":"publish","type":"post","link":"https:\/\/www.wierszowisko.com\/?p=3887","title":{"rendered":"Finali\u015bci Wierszowiska 2021"},"content":{"rendered":"<p>XX Wierszowisko na pewno jest wyj\u0105tkowe &#8211; przez okoliczno\u015bci zupe\u0142nie inne ni\u017c planowali\u015bmy! Ale odby\u0142o si\u0119, za nami pi\u0119kne wyst\u0119py polonijnych dzieci z ca\u0142ej Holandii! Wszyscy byli wspaniali, wszyscy zas\u0142u\u017cyli swoim wyst\u0119pem na medal kt\u00f3ry ju\u017c zosta\u0142 uczestnikom wr\u0119czony. Wyst\u0119py zosta\u0142y nagrane i filmy zostan\u0105 opublikowane.<\/p>\n<p><strong>BRAWA dla wszystkich 72 uczestnik\u00f3w!<\/strong><\/p>\n<p>Jurorzy ocenili wyst\u0119py dzieci i wy\u0142onili finalist\u00f3w. Z uwagi na ograniczenia &#8211; na fina\u0142, kt\u00f3ry odb\u0119dzie si\u0119 13 czerwca w Tilburgu, zapraszamy jedynie finalist\u00f3w z rodzinami oraz przedstawicieli szk\u00f3\u0142. <strong>Konieczne b\u0119dzie zg\u0142oszenie uczestnictwa.<\/strong><\/p>\n<p>Informacje dodatkowe z za\u0142\u0105czniku, a szczeg\u00f3\u0142owy program prze\u015blemy osobom kt\u00f3re potwierdz\u0105 obecno\u015b\u0107 na fina\u0142owej gali.<\/p>\n<p><strong>Lista finalist\u00f3w XX Festiwalu Polskiej Poezji dla Dzieci (w linku)<\/strong><\/p>\n<p><a href=\"https:\/\/drive.google.com\/file\/d\/1TBBtyu0xSETJwSQoP-JsYdIVFqhwknIM\/view?usp=sharing\" target=\"_blank\" rel=\"noopener noreferrer\">https:\/\/drive.google.com\/file\/d\/1TBBtyu0xSETJwSQoP-JsYdIVFqhwknIM\/view?usp=sharing<\/a><\/p>\n<p><strong>Gratulujemy i do zobaczenia w Tilburgu!<\/strong><\/p>\n","protected":false},"excerpt":{"rendered":"<p>XX Wierszowisko na pewno jest wyj\u0105tkowe &#8211; przez okoliczno\u015bci zupe\u0142nie inne ni\u017c planowali\u015bmy! Ale odby\u0142o si\u0119, za nami pi\u0119kne wyst\u0119py polonijnych dzieci z ca\u0142ej Holandii! Wszyscy byli wspaniali, wszyscy zas\u0142u\u017cyli swoim wyst\u0119pem na medal kt\u00f3ry ju\u017c zosta\u0142 uczestnikom wr\u0119czony. Wyst\u0119py zosta\u0142y nagrane i filmy zostan\u0105 opublikowane.<\/p>\n<p>BRAWA dla wszystkich 72 uczestnik\u00f3w!<\/p>\n<p>Jurorzy ocenili wyst\u0119py dzieci [&#8230;]<\/p>\n","protected":false},"author":1,"featured_media":0,"comment_status":"closed","ping_status":"open","sticky":false,"template":"","format":"standard","meta":{"ngg_post_thumbnail":0,"spay_email":"","jetpack_publicize_message":"","jetpack_is_tweetstorm":false,"jetpack_publicize_feature_enabled":true},"categories":[57,50],"tags":[63,64],"jetpack_featured_media_url":"","_links":{"self":[{"href":"https:\/\/www.wierszowisko.com\/index.php?rest_route=\/wp\/v2\/posts\/3887"}],"collection":[{"href":"https:\/\/www.wierszowisko.com\/index.php?rest_route=\/wp\/v2\/posts"}],"about":[{"href":"https:\/\/www.wierszowisko.com\/index.php?rest_route=\/wp\/v2\/types\/post"}],"author":[{"embeddable":true,"href":"https:\/\/www.wierszowisko.com\/index.php?rest_route=\/wp\/v2\/users\/1"}],"replies":[{"embeddable":true,"href":"https:\/\/www.wierszowisko.com\/index.php?rest_route=%2Fwp%2Fv2%2Fcomments&post=3887"}],"version-history":[{"count":3,"href":"https:\/\/www.wierszowisko.com\/index.php?rest_route=\/wp\/v2\/posts\/3887\/revisions"}],"predecessor-version":[{"id":3959,"href":"https:\/\/www.wierszowisko.com\/index.php?rest_route=\/wp\/v2\/posts\/3887\/revisions\/3959"}],"wp:attachment":[{"href":"https:\/\/www.wierszowisko.com\/index.php?rest_route=%2Fwp%2Fv2%2Fmedia&parent=3887"}],"wp:term":[{"taxonomy":"category","embeddable":true,"href":"https:\/\/www.wierszowisko.com\/index.php?rest_route=%2Fwp%2Fv2%2Fcategories&post=3887"},{"taxonomy":"post_tag","embeddable":true,"href":"https:\/\/www.wierszowisko.com\/index.php?rest_route=%2Fwp%2Fv2%2Ftags&post=3887"}],"curies":[{"name":"wp","href":"https:\/\/api.w.org\/{rel}","templated":true}]}}