{"id":3868,"date":"2021-04-24T06:09:43","date_gmt":"2021-04-24T06:09:43","guid":{"rendered":"https:\/\/www.wierszowisko.com\/?p=3868"},"modified":"2021-04-25T15:34:35","modified_gmt":"2021-04-25T15:34:35","slug":"wyniki-konkursu-plastycznego-2","status":"publish","type":"post","link":"https:\/\/www.wierszowisko.com\/?p=3868","title":{"rendered":"Wyniki konkursu plastycznego"},"content":{"rendered":"<p>Og\u0142aszamy wyniki konkursu plastycznego przy Wierszowisku, kt\u00f3ry w tym roku przeprowadzi\u0142a Polska Szko\u0142a w Tilburgu. Temat edycji 2021 r. to \u201eIlustracja do ulubionego wiersza\u201d. Wszystkim uczestnikom gratulujemy i przedstawiamy decyzj\u0119 jury:<br \/>\n<strong><br \/>\nPrzedzia\u0142 wiekowy 3 \u2013 4 lata: <\/strong><br \/>\n1. Zo\u00eb van Ostaayen (PS Tilburg)<br \/>\n2. Jan Damps (PS Osstoja, Oss)<br \/>\n3. Stefan Horbowy (PS Roosendaal)<\/p>\n<p><strong>Przedzia\u0142 wiekowy 5 &#8211; 6 lat:<\/strong><br \/>\n1. Emma Kramer (PS Utrecht)<br \/>\n2. Laura Damps (PS Osstoja, Oss)<br \/>\n3. Sonia Siekierska (PS Osstoja, Oss)<\/p>\n<p><strong>Przedzia\u0142 wiekowy 7 \u2013 9 lat:<\/strong><br \/>\n1. Zuzanna Kars (Centrum Lokomotywa)<br \/>\n2. Miko\u0142aj Dudzik (PS Abecad\u0142o, Enschede)<br \/>\n3. Maciej Polkowski (PS Tilburg)<br \/>\nWyr\u00f3\u017cnienie: Laura Nales (Centrum Lokomotywa, Amsterdam)<\/p>\n<p><strong>Przedzia\u0142 wiekowy 10 \u2013 11 lat:<\/strong><br \/>\n1. Salomea Van Halteren (PS Tilburg)<br \/>\n2. Lena Cichowicz (PS Roosendaal)<br \/>\n3. Wiktoria Siekierska (PS Osstoja, Oss)<\/p>\n<p><strong>Przedzia\u0142 wiekowy 12 -14:<\/strong><br \/>\n1. Julia van Halteren (PS Tilburg)<\/p>\n<p><strong>Praca grupowa: <\/strong><br \/>\n1. Centrum Lokomotywa, Amsterdam<br \/>\n2. PS Osstoja, Oss<br \/>\n3. PS Breda<\/p>\n","protected":false},"excerpt":{"rendered":"<p>Og\u0142aszamy wyniki konkursu plastycznego przy Wierszowisku, kt\u00f3ry w tym roku przeprowadzi\u0142a Polska Szko\u0142a w Tilburgu. Temat edycji 2021 r. to \u201eIlustracja do ulubionego wiersza\u201d. Wszystkim uczestnikom gratulujemy i przedstawiamy decyzj\u0119 jury: Przedzia\u0142 wiekowy 3 \u2013 4 lata: 1. Zo\u00eb van Ostaayen (PS Tilburg) 2. Jan Damps (PS Osstoja, Oss) 3. Stefan Horbowy (PS Roosendaal)<\/p>\n<p>Przedzia\u0142 [&#8230;]<\/p>\n","protected":false},"author":1,"featured_media":0,"comment_status":"closed","ping_status":"open","sticky":false,"template":"","format":"standard","meta":{"ngg_post_thumbnail":0,"spay_email":"","jetpack_publicize_message":"","jetpack_is_tweetstorm":false,"jetpack_publicize_feature_enabled":true},"categories":[57,61],"tags":[],"jetpack_featured_media_url":"","_links":{"self":[{"href":"https:\/\/www.wierszowisko.com\/index.php?rest_route=\/wp\/v2\/posts\/3868"}],"collection":[{"href":"https:\/\/www.wierszowisko.com\/index.php?rest_route=\/wp\/v2\/posts"}],"about":[{"href":"https:\/\/www.wierszowisko.com\/index.php?rest_route=\/wp\/v2\/types\/post"}],"author":[{"embeddable":true,"href":"https:\/\/www.wierszowisko.com\/index.php?rest_route=\/wp\/v2\/users\/1"}],"replies":[{"embeddable":true,"href":"https:\/\/www.wierszowisko.com\/index.php?rest_route=%2Fwp%2Fv2%2Fcomments&post=3868"}],"version-history":[{"count":8,"href":"https:\/\/www.wierszowisko.com\/index.php?rest_route=\/wp\/v2\/posts\/3868\/revisions"}],"predecessor-version":[{"id":3876,"href":"https:\/\/www.wierszowisko.com\/index.php?rest_route=\/wp\/v2\/posts\/3868\/revisions\/3876"}],"wp:attachment":[{"href":"https:\/\/www.wierszowisko.com\/index.php?rest_route=%2Fwp%2Fv2%2Fmedia&parent=3868"}],"wp:term":[{"taxonomy":"category","embeddable":true,"href":"https:\/\/www.wierszowisko.com\/index.php?rest_route=%2Fwp%2Fv2%2Fcategories&post=3868"},{"taxonomy":"post_tag","embeddable":true,"href":"https:\/\/www.wierszowisko.com\/index.php?rest_route=%2Fwp%2Fv2%2Ftags&post=3868"}],"curies":[{"name":"wp","href":"https:\/\/api.w.org\/{rel}","templated":true}]}}