{"id":3858,"date":"2021-03-27T08:51:59","date_gmt":"2021-03-27T08:51:59","guid":{"rendered":"https:\/\/www.wierszowisko.com\/?p=3858"},"modified":"2021-07-11T21:45:41","modified_gmt":"2021-07-11T21:45:41","slug":"xx-festiwal-polskiej-poezji-dla-dzieci-wierszowisko","status":"publish","type":"post","link":"https:\/\/www.wierszowisko.com\/?p=3858","title":{"rendered":"XX Festiwal Polskiej Poezji dla Dzieci Wierszowisko &#8211; zaproszenie"},"content":{"rendered":"<p>Zapraszamy serdecznie na jubileuszowy, XX Festiwal Polskiej Poezji dla Dzieci Wierszowisko kt\u00f3re zaplanowane by\u0142o na marzec 2020 Wierszowisko.<br \/>\nSytuacja wymusi\u0142a na nas zmian\u0119 plan\u00f3w, kt\u00f3re musimy elastycznie dopasowywa\u0107 do zmieniaj\u0105cych si\u0119 obostrze\u0144 &#8211; ale Wierszowisko 2021 odb\u0119dzie si\u0119!<br \/>\n<strong>Zapiszcie w kalendarzach 13 czerwca 2021.<\/strong> &nbsp;<\/p>\n<p>Temat pozostaje taki jak roku temu &#8211; <strong>20 lat przez poezji \u015bwiat &#8211; wiersze autor\u00f3w ostatnich dw\u00f3ch dekad<\/strong>.<\/p>\n<p>Wierszowisko 2021 odb\u0119dzie si\u0119 tylko w kategorii indywidualnej.<br \/>\nB\u0119dzie mia\u0142o 2 etapy, pierwszy odb\u0119dzie si\u0119 w szko\u0142ach w kwietniu (szko\u0142y ustal\u0105 terminy).<br \/>\nFina\u0142 krajowy zaplanowany na <strong>13 czerwca<\/strong> b\u0119dzie albo w teatrze w Wijchen, albo online.<\/p>\n<p><strong>W linkach informacje:<\/strong><br \/>\n<strong> &#8211; <a href=\"https:\/\/drive.google.com\/file\/d\/1alM2uvxHUGxq7nD9sEZBCP9tqIcUtYDp\/view?usp=sharing\" target=\"_blank\" rel=\"noopener noreferrer\">Zaproszenie<\/a><br \/>\n&#8211; <a href=\" https:\/\/drive.google.com\/file\/d\/1htYwZE7ZdnV_QVeVnWy7K-0G0AVkaLrh\/view?usp=sharing\" target=\"_blank\" rel=\"noopener noreferrer\">Regulamin<\/a><\/strong><\/p>\n<p><strong>Zapraszamy do zg\u0142osze\u0144! (czas do 30.3.2021) za pomoc\u0105 <a href=\"https:\/\/forms.gle\/2BjGQFpx2a9MQLtt8\" target=\"_blank\" rel=\"noopener noreferrer\">formularza<\/a><\/strong><br \/>\n<span style=\"text-decoration: underline;\">Zg\u0142oszenie wype\u0142niaj\u0105 rodzice, ale po uzgodnieniu ze szko\u0142\u0105 &#8211; bo to w szkole musi si\u0119 odby\u0107 1 etap<\/span>.<\/p>\n<p>Prosimy o jak najszybsze wype\u0142nienie formularzy. Na tym etapie nie trzeba jeszcze wybiera\u0107 wiersza.<\/p>\n<div id=\"attachment_3859\" style=\"width: 440px\" class=\"wp-caption alignleft\"><a href=\"https:\/\/www.wierszowisko.com\/?attachment_id=3859\" rel=\"attachment wp-att-3859\"><img aria-describedby=\"caption-attachment-3859\" loading=\"lazy\" class=\"wp-image-3859\" src=\"https:\/\/i0.wp.com\/www.wierszowisko.com\/wp-content\/uploads\/PLAKAT-WIERSZOWISKO2021.jpg?resize=430%2C608&#038;ssl=1\" alt=\"\" width=\"430\" height=\"608\" srcset=\"https:\/\/i0.wp.com\/www.wierszowisko.com\/wp-content\/uploads\/PLAKAT-WIERSZOWISKO2021.jpg?resize=724%2C1024&amp;ssl=1 724w, https:\/\/i0.wp.com\/www.wierszowisko.com\/wp-content\/uploads\/PLAKAT-WIERSZOWISKO2021.jpg?resize=212%2C300&amp;ssl=1 212w, https:\/\/i0.wp.com\/www.wierszowisko.com\/wp-content\/uploads\/PLAKAT-WIERSZOWISKO2021.jpg?resize=768%2C1086&amp;ssl=1 768w, https:\/\/i0.wp.com\/www.wierszowisko.com\/wp-content\/uploads\/PLAKAT-WIERSZOWISKO2021.jpg?resize=106%2C150&amp;ssl=1 106w, https:\/\/i0.wp.com\/www.wierszowisko.com\/wp-content\/uploads\/PLAKAT-WIERSZOWISKO2021.jpg?resize=400%2C566&amp;ssl=1 400w, https:\/\/i0.wp.com\/www.wierszowisko.com\/wp-content\/uploads\/PLAKAT-WIERSZOWISKO2021.jpg?w=1131&amp;ssl=1 1131w\" sizes=\"(max-width: 430px) 100vw, 430px\" data-recalc-dims=\"1\" \/><\/a><p id=\"caption-attachment-3859\" class=\"wp-caption-text\">Plakat XX Wierszowiska<\/p><\/div>\n","protected":false},"excerpt":{"rendered":"<p>Zapraszamy serdecznie na jubileuszowy, XX Festiwal Polskiej Poezji dla Dzieci Wierszowisko kt\u00f3re zaplanowane by\u0142o na marzec 2020 Wierszowisko. Sytuacja wymusi\u0142a na nas zmian\u0119 plan\u00f3w, kt\u00f3re musimy elastycznie dopasowywa\u0107 do zmieniaj\u0105cych si\u0119 obostrze\u0144 &#8211; ale Wierszowisko 2021 odb\u0119dzie si\u0119! Zapiszcie w kalendarzach 13 czerwca 2021. &nbsp;<\/p>\n<p>Temat pozostaje taki jak roku temu &#8211; 20 lat przez [&#8230;]<\/p>\n","protected":false},"author":1,"featured_media":0,"comment_status":"closed","ping_status":"open","sticky":false,"template":"","format":"standard","meta":{"ngg_post_thumbnail":0,"spay_email":"","jetpack_publicize_message":"","jetpack_is_tweetstorm":false,"jetpack_publicize_feature_enabled":true},"categories":[57,17,39,50],"tags":[60,58,59],"jetpack_featured_media_url":"","_links":{"self":[{"href":"https:\/\/www.wierszowisko.com\/index.php?rest_route=\/wp\/v2\/posts\/3858"}],"collection":[{"href":"https:\/\/www.wierszowisko.com\/index.php?rest_route=\/wp\/v2\/posts"}],"about":[{"href":"https:\/\/www.wierszowisko.com\/index.php?rest_route=\/wp\/v2\/types\/post"}],"author":[{"embeddable":true,"href":"https:\/\/www.wierszowisko.com\/index.php?rest_route=\/wp\/v2\/users\/1"}],"replies":[{"embeddable":true,"href":"https:\/\/www.wierszowisko.com\/index.php?rest_route=%2Fwp%2Fv2%2Fcomments&post=3858"}],"version-history":[{"count":8,"href":"https:\/\/www.wierszowisko.com\/index.php?rest_route=\/wp\/v2\/posts\/3858\/revisions"}],"predecessor-version":[{"id":3966,"href":"https:\/\/www.wierszowisko.com\/index.php?rest_route=\/wp\/v2\/posts\/3858\/revisions\/3966"}],"wp:attachment":[{"href":"https:\/\/www.wierszowisko.com\/index.php?rest_route=%2Fwp%2Fv2%2Fmedia&parent=3858"}],"wp:term":[{"taxonomy":"category","embeddable":true,"href":"https:\/\/www.wierszowisko.com\/index.php?rest_route=%2Fwp%2Fv2%2Fcategories&post=3858"},{"taxonomy":"post_tag","embeddable":true,"href":"https:\/\/www.wierszowisko.com\/index.php?rest_route=%2Fwp%2Fv2%2Ftags&post=3858"}],"curies":[{"name":"wp","href":"https:\/\/api.w.org\/{rel}","templated":true}]}}