{"id":3505,"date":"2019-03-26T15:16:55","date_gmt":"2019-03-26T15:16:55","guid":{"rendered":"http:\/\/www.wierszowisko.com\/?p=3505"},"modified":"2019-03-28T13:33:01","modified_gmt":"2019-03-28T13:33:01","slug":"wyniki-wierszowiska-2019","status":"publish","type":"post","link":"https:\/\/www.wierszowisko.com\/?p=3505","title":{"rendered":"Wyniki Wierszowiska 2019"},"content":{"rendered":"<p><img loading=\"lazy\" class=\"alignleft wp-image-3545 size-large\" src=\"https:\/\/i0.wp.com\/www.wierszowisko.com\/wp-content\/uploads\/Nagrody-20191-1024x608.jpg?resize=640%2C380\" alt=\"\" width=\"640\" height=\"380\" srcset=\"https:\/\/i0.wp.com\/www.wierszowisko.com\/wp-content\/uploads\/Nagrody-20191.jpg?resize=1024%2C608&amp;ssl=1 1024w, https:\/\/i0.wp.com\/www.wierszowisko.com\/wp-content\/uploads\/Nagrody-20191.jpg?resize=300%2C178&amp;ssl=1 300w, https:\/\/i0.wp.com\/www.wierszowisko.com\/wp-content\/uploads\/Nagrody-20191.jpg?resize=768%2C456&amp;ssl=1 768w, https:\/\/i0.wp.com\/www.wierszowisko.com\/wp-content\/uploads\/Nagrody-20191.jpg?resize=150%2C89&amp;ssl=1 150w, https:\/\/i0.wp.com\/www.wierszowisko.com\/wp-content\/uploads\/Nagrody-20191.jpg?resize=400%2C237&amp;ssl=1 400w, https:\/\/i0.wp.com\/www.wierszowisko.com\/wp-content\/uploads\/Nagrody-20191.jpg?w=1280&amp;ssl=1 1280w, https:\/\/i0.wp.com\/www.wierszowisko.com\/wp-content\/uploads\/Nagrody-20191.jpg?w=1920&amp;ssl=1 1920w\" sizes=\"(max-width: 640px) 100vw, 640px\" data-recalc-dims=\"1\" \/><\/p>\n<p>&nbsp;<\/p>\n<p>&nbsp;<\/p>\n<p>&nbsp;<\/p>\n<p>&nbsp;<\/p>\n<p>&nbsp;<\/p>\n<p>&nbsp;<\/p>\n<p>&nbsp;<\/p>\n<p>&nbsp;<\/p>\n<p>&nbsp;<\/p>\n<p>&nbsp;<\/p>\n<p>&nbsp;<\/p>\n<p>&nbsp;<\/p>\n<p>&nbsp;<\/p>\n<p>&nbsp;<\/p>\n<p>&nbsp;<\/p>\n<p>&nbsp;<\/p>\n<hr>\n<div><span style=\"color: #000080;\"><strong>Kategoria 4-5 lat<\/strong><\/span><\/div>\n<div>miejsce 1<\/div>\n<div><strong>Emilia P\u0142onek, PS Utrecht<\/strong><\/div>\n<div>miejsce 2<\/div>\n<div><strong>Rosa dos Santos, Bravo School Westland<\/strong><\/div>\n<div>miejsce 3<\/div>\n<div><strong>Sebastian Rynkum, PS Breda<\/strong><\/div>\n<div><strong>Maksymilian \u017burawicki, PS Meterik<\/strong><\/div>\n<div>&nbsp;<\/div>\n<div>\n<hr>\n<\/div>\n<div><span style=\"color: #000080;\"><strong>Kategoria 6-8 lat<\/strong><\/span><\/div>\n<div>miejsce 1<\/div>\n<div><strong>Nathan Tru\u015b, PS Tilburg<\/strong><\/div>\n<div>miejsce 2<\/div>\n<div><strong>Mila Jur, PS Eindhoven<\/strong><\/div>\n<div><strong>Lena Przybilla, PS Tilburg<\/strong><\/div>\n<div>miejsce 3<\/div>\n<div><strong>Lena Cichowicz, PS Roosendaal<\/strong><\/div>\n<div>wyr\u00f3\u017cnienienie<\/div>\n<div><strong>Rosalie Roguska, PS Breda<\/strong><\/div>\n<div>&nbsp;<\/div>\n<div>\n<hr>\n<p><span style=\"color: #000080;\"><strong>Kategoria 9-11 lat<\/strong><\/span><\/p>\n<div>miejsce 1&nbsp;<\/div>\n<div><strong>Oliwia Obadowska, PS Osstoja<\/strong><\/div>\n<div>miejsce 2&nbsp;<\/div>\n<div><strong>Thomas Bragt, PS Osstoja<\/strong><\/div>\n<div><strong>Wiktoria Br\u0105giel, PS Tilburg<\/strong><\/div>\n<div>miejsce 3<\/div>\n<div><strong>Bart\u0142omiej Bru\u015b, PS Tilburg<\/strong><\/div>\n<div>Wyr\u00f3\u017cnienie<\/div>\n<div><strong>Kevin Zwoi\u0144ski, PS Osstoja<\/strong><\/div>\n<div>&nbsp;<\/div>\n<div>\n<hr>\n<\/div>\n<div><span style=\"color: #000080;\"><strong>Kategoria 12-14 lat<\/strong><\/span><\/div>\n<div>miejsce 1<\/div>\n<div><strong>Valeria van Halteren, PS Tilburg<\/strong><\/div>\n<div>miejsce 2<\/div>\n<div><strong>Klara Cyrys, PS Osstoja<\/strong><\/div>\n<div>miejsce 3<\/div>\n<div><strong>Klaudia Guzowska, PS Enschede<\/strong><\/div>\n<div><strong>Liyuhe Qu, PS Haga<\/strong><\/div>\n<div>wyr\u00f3\u017cnienie<\/div>\n<div><strong>Artur Gorzolnik, PS Enschede<\/strong><\/div>\n<div>&nbsp;<\/div>\n<div>\n<hr>\n<\/div>\n<div><span style=\"color: #000080;\"><strong>Dyplom uznania jurora<\/strong><\/span><\/div>\n<div>Jerzego Fedorowicza: <strong>Klara Cyrys, PS Osstoja<\/strong><\/div>\n<div>Danuty Bukszy\u0144skiej-Lemoyne: <strong>Wiwienna R\u00f3\u017cy\u0144ska, PS Meterik<\/strong><\/div>\n<div>Micha\u0142a Rusinka: <strong>Kelly Anoumou, PS Enschede<\/strong><\/div>\n<div>Krystyny Oliffe: <strong>Vanessa Wosztal, PS Amersfoort<\/strong><\/div>\n<div>Waldemara Pankiwa: <strong>Mila Jur, PS Eindhoven<\/strong><\/div>\n<div>Anny Bogusz: <strong>Polska Szko\u0142a Breda<\/strong><\/div>\n<div>El\u017cbiety Weiss: <strong>Maksymilian \u017burawicki, PS Meterik<\/strong><\/div>\n<div>&nbsp;<\/div>\n<div><span style=\"color: #000080;\">Wyr\u00f3\u017cenienie od Levende talen<\/span><\/div>\n<div><strong>Wiwienna R\u00f3\u017cy\u0144ska, PS Meterik<\/strong><\/div>\n<div><strong>Livia Kobierska, PS Tilburg<\/strong><\/div>\n<div>&nbsp;<\/div>\n<div><span style=\"color: #000080;\">Wyr\u00f3\u017cenienie Uniwerytet Amsterdam<\/span><\/div>\n<div><strong>Luyuhe Qu, PS Haga<\/strong><\/div>\n<div>&nbsp;<\/div>\n<div><span style=\"color: #000080;\">Wyr\u00f3\u017cnienie Macierz Francja<\/span><\/div>\n<div><strong>Polska Szko\u0142a w Oss<\/strong><\/div>\n<div>&nbsp;<\/div>\n<div><span style=\"color: #000080;\">Puchar Konsula<\/span><\/div>\n<div><strong>Natasza Adamiec<\/strong><\/div>\n<div>&nbsp;<\/div>\n<div>\n<hr>\n<\/div>\n<div><span style=\"color: #000080;\"><strong>Wyst\u0119py grupowe:<\/strong><\/span><\/div>\n<div>&nbsp;<\/div>\n<div>\n<div>Miejsce 1<\/div>\n<div><strong>Polska Szko\u0142a Tilburg<\/strong><\/div>\n<div>\n<div>miejsce 2<\/div>\n<div><strong>Polska Szko\u0142a Breda<\/strong><\/div>\n<div>\n<div>miejsce 3<\/div>\n<div><strong>Polska Szko\u0142a Osstoja Oss<\/strong><\/div>\n<\/div>\n<\/div>\n<\/div>\n<div>wyr\u00f3\u017cnienie<\/div>\n<div><strong>Polska Szko\u0142a Utrecht<\/strong><\/div>\n<div>&nbsp;<\/div>\n<div>\n<hr>\n<p><span style=\"color: #000080;\">Nagrody organizator\u00f3w dla najm\u0142odszego i najstarszego uczestnika Wierszowiska wyst\u0119puj\u0105cego indywidualnie:<\/span><br \/>\nnajm\u0142odsza: <strong>Iris l&#8217;Abee, PS Eindhoven<\/strong><br \/>\nnajstarsza: <strong>Gabryjela Kubasiewicz, PS Osstoja<\/strong><\/p>\n<\/div>\n<div>&nbsp;<\/div>\n<div>Wszystkim uczestnikom gratulujemy! Do zobaczenia za rok!<\/div>\n<div>&nbsp;<\/div>\n<div>&nbsp;<\/div>\n<div>&nbsp;<\/div>\n<\/div>\n","protected":false},"excerpt":{"rendered":"<\/p>\n<p>&nbsp;<\/p>\n<p>&nbsp;<\/p>\n<p>&nbsp;<\/p>\n<p>&nbsp;<\/p>\n<p>&nbsp;<\/p>\n<p>&nbsp;<\/p>\n<p>&nbsp;<\/p>\n<p>&nbsp;<\/p>\n<p>&nbsp;<\/p>\n<p>&nbsp;<\/p>\n<p>&nbsp;<\/p>\n<p>&nbsp;<\/p>\n<p>&nbsp;<\/p>\n<p>&nbsp;<\/p>\n<p>&nbsp;<\/p>\n<p>&nbsp;<\/p>\n<p> Kategoria 4-5 lat miejsce 1 Emilia P\u0142onek, PS Utrecht miejsce 2 Rosa dos Santos, Bravo School Westland miejsce 3 Sebastian Rynkum, PS Breda Maksymilian \u017burawicki, PS Meterik &nbsp; Kategoria 6-8 lat miejsce 1 Nathan Tru\u015b, PS Tilburg miejsce [&#8230;]<\/p>\n","protected":false},"author":1,"featured_media":0,"comment_status":"closed","ping_status":"open","sticky":false,"template":"","format":"standard","meta":{"ngg_post_thumbnail":0,"spay_email":"","jetpack_publicize_message":"","jetpack_is_tweetstorm":false,"jetpack_publicize_feature_enabled":true},"categories":[48,50],"tags":[],"jetpack_featured_media_url":"","_links":{"self":[{"href":"https:\/\/www.wierszowisko.com\/index.php?rest_route=\/wp\/v2\/posts\/3505"}],"collection":[{"href":"https:\/\/www.wierszowisko.com\/index.php?rest_route=\/wp\/v2\/posts"}],"about":[{"href":"https:\/\/www.wierszowisko.com\/index.php?rest_route=\/wp\/v2\/types\/post"}],"author":[{"embeddable":true,"href":"https:\/\/www.wierszowisko.com\/index.php?rest_route=\/wp\/v2\/users\/1"}],"replies":[{"embeddable":true,"href":"https:\/\/www.wierszowisko.com\/index.php?rest_route=%2Fwp%2Fv2%2Fcomments&post=3505"}],"version-history":[{"count":27,"href":"https:\/\/www.wierszowisko.com\/index.php?rest_route=\/wp\/v2\/posts\/3505\/revisions"}],"predecessor-version":[{"id":3556,"href":"https:\/\/www.wierszowisko.com\/index.php?rest_route=\/wp\/v2\/posts\/3505\/revisions\/3556"}],"wp:attachment":[{"href":"https:\/\/www.wierszowisko.com\/index.php?rest_route=%2Fwp%2Fv2%2Fmedia&parent=3505"}],"wp:term":[{"taxonomy":"category","embeddable":true,"href":"https:\/\/www.wierszowisko.com\/index.php?rest_route=%2Fwp%2Fv2%2Fcategories&post=3505"},{"taxonomy":"post_tag","embeddable":true,"href":"https:\/\/www.wierszowisko.com\/index.php?rest_route=%2Fwp%2Fv2%2Ftags&post=3505"}],"curies":[{"name":"wp","href":"https:\/\/api.w.org\/{rel}","templated":true}]}}