{"id":3376,"date":"2019-02-28T12:51:46","date_gmt":"2019-02-28T12:51:46","guid":{"rendered":"http:\/\/www.wierszowisko.com\/?p=3376"},"modified":"2019-03-14T12:45:42","modified_gmt":"2019-03-14T12:45:42","slug":"jurorzy-wierszowiska-2019","status":"publish","type":"post","link":"https:\/\/www.wierszowisko.com\/?p=3376","title":{"rendered":"Jurorzy Wierszowiska 2019"},"content":{"rendered":"<p>Z ogromn\u0105 rado\u015bci\u0105 przedstawiamy juror\u00f3w Wierszowiska 2019. W tym roku opr\u00f3cz go\u015bci z Holandii b\u0119d\u0105 z nami go\u015bcie z Polski, Anglii, Francji.<\/p>\n<p><strong><a href=\"https:\/\/i0.wp.com\/www.wierszowisko.com\/wp-content\/uploads\/Fedorowicz.jpg\" target=\"_blank\" rel=\"noopener noreferrer\"><img loading=\"lazy\" class=\"wp-image-3382 size-medium alignnone\" src=\"https:\/\/i0.wp.com\/www.wierszowisko.com\/wp-content\/uploads\/Fedorowicz-300x212.jpg?resize=300%2C212\" alt=\"\" width=\"300\" height=\"212\" srcset=\"https:\/\/i0.wp.com\/www.wierszowisko.com\/wp-content\/uploads\/Fedorowicz.jpg?resize=300%2C212&amp;ssl=1 300w, https:\/\/i0.wp.com\/www.wierszowisko.com\/wp-content\/uploads\/Fedorowicz.jpg?resize=768%2C543&amp;ssl=1 768w, https:\/\/i0.wp.com\/www.wierszowisko.com\/wp-content\/uploads\/Fedorowicz.jpg?resize=1024%2C724&amp;ssl=1 1024w, https:\/\/i0.wp.com\/www.wierszowisko.com\/wp-content\/uploads\/Fedorowicz.jpg?resize=150%2C106&amp;ssl=1 150w, https:\/\/i0.wp.com\/www.wierszowisko.com\/wp-content\/uploads\/Fedorowicz.jpg?resize=400%2C283&amp;ssl=1 400w, https:\/\/i0.wp.com\/www.wierszowisko.com\/wp-content\/uploads\/Fedorowicz.jpg?w=1754&amp;ssl=1 1754w, https:\/\/i0.wp.com\/www.wierszowisko.com\/wp-content\/uploads\/Fedorowicz.jpg?w=1280&amp;ssl=1 1280w\" sizes=\"(max-width: 300px) 100vw, 300px\" data-recalc-dims=\"1\" \/><\/a>&nbsp;<\/strong><\/p>\n<p><strong>Jerzy Fedorowicz &#8211; Przewodnicz\u0105cy Jury<\/strong><br \/>\nAktor teatralny i filmowy, re\u017cyser spektakli teatralnych, nauczyciel akademicki, senator.<br \/>\nPrzewodnicz\u0105cy senackiej Komisji Kultury i \u015arodk\u00f3w Przekazu, zasiada tak\u017ce w Komisji \u0141\u0105czno\u015bci z Polakami za Granic\u0105.<\/p>\n<p>&nbsp;<\/p>\n<p><strong><a href=\"https:\/\/i0.wp.com\/www.wierszowisko.com\/wp-content\/uploads\/Danuta.jpg\" target=\"_blank\" rel=\"noopener noreferrer\"><img loading=\"lazy\" class=\"wp-image-3385 size-medium alignnone\" src=\"https:\/\/i0.wp.com\/www.wierszowisko.com\/wp-content\/uploads\/Danuta-300x212.jpg?resize=300%2C212\" alt=\"\" width=\"300\" height=\"212\" srcset=\"https:\/\/i0.wp.com\/www.wierszowisko.com\/wp-content\/uploads\/Danuta.jpg?resize=300%2C212&amp;ssl=1 300w, https:\/\/i0.wp.com\/www.wierszowisko.com\/wp-content\/uploads\/Danuta.jpg?resize=768%2C543&amp;ssl=1 768w, https:\/\/i0.wp.com\/www.wierszowisko.com\/wp-content\/uploads\/Danuta.jpg?resize=1024%2C724&amp;ssl=1 1024w, https:\/\/i0.wp.com\/www.wierszowisko.com\/wp-content\/uploads\/Danuta.jpg?resize=150%2C106&amp;ssl=1 150w, https:\/\/i0.wp.com\/www.wierszowisko.com\/wp-content\/uploads\/Danuta.jpg?resize=400%2C283&amp;ssl=1 400w, https:\/\/i0.wp.com\/www.wierszowisko.com\/wp-content\/uploads\/Danuta.jpg?w=1754&amp;ssl=1 1754w, https:\/\/i0.wp.com\/www.wierszowisko.com\/wp-content\/uploads\/Danuta.jpg?w=1280&amp;ssl=1 1280w\" sizes=\"(max-width: 300px) 100vw, 300px\" data-recalc-dims=\"1\" \/><\/a><\/strong><\/p>\n<p><strong>Danuta Bukszy\u0144ska-Lemoyne<\/strong><br \/>\nPrezes Macierzy Spo\u0142ecznych Szk\u00f3\u0142 Polonijnych we Francji. Dyrektor szko\u0142y spo\u0142ecznej Ecole Nova Polska w Pary\u017cu im. Stanis\u0142awa Leszczy\u0144skiego, autorka i inicjatorka projekt\u00f3w kulturalnych.<\/p>\n<p>&nbsp;<\/p>\n<p><a href=\"https:\/\/i0.wp.com\/www.wierszowisko.com\/wp-content\/uploads\/Anna-Bogusz.jpg\" target=\"_blank\" rel=\"noopener noreferrer\"><img loading=\"lazy\" class=\"alignleft wp-image-3500 size-medium\" src=\"https:\/\/i0.wp.com\/www.wierszowisko.com\/wp-content\/uploads\/Anna-Bogusz-300x212.jpg?resize=300%2C212\" alt=\"\" width=\"300\" height=\"212\" srcset=\"https:\/\/i0.wp.com\/www.wierszowisko.com\/wp-content\/uploads\/Anna-Bogusz.jpg?resize=300%2C212&amp;ssl=1 300w, https:\/\/i0.wp.com\/www.wierszowisko.com\/wp-content\/uploads\/Anna-Bogusz.jpg?resize=768%2C543&amp;ssl=1 768w, https:\/\/i0.wp.com\/www.wierszowisko.com\/wp-content\/uploads\/Anna-Bogusz.jpg?resize=1024%2C724&amp;ssl=1 1024w, https:\/\/i0.wp.com\/www.wierszowisko.com\/wp-content\/uploads\/Anna-Bogusz.jpg?resize=150%2C106&amp;ssl=1 150w, https:\/\/i0.wp.com\/www.wierszowisko.com\/wp-content\/uploads\/Anna-Bogusz.jpg?resize=400%2C283&amp;ssl=1 400w, https:\/\/i0.wp.com\/www.wierszowisko.com\/wp-content\/uploads\/Anna-Bogusz.jpg?w=1754&amp;ssl=1 1754w, https:\/\/i0.wp.com\/www.wierszowisko.com\/wp-content\/uploads\/Anna-Bogusz.jpg?w=1280&amp;ssl=1 1280w\" sizes=\"(max-width: 300px) 100vw, 300px\" data-recalc-dims=\"1\" \/><\/a><\/p>\n<p>&nbsp;<\/p>\n<p>&nbsp;<\/p>\n<p>&nbsp;<\/p>\n<p>&nbsp;<\/p>\n<p>&nbsp;<\/p>\n<p>&nbsp;<\/p>\n<p>&nbsp;<\/p>\n<p>&nbsp;<\/p>\n<p>&nbsp;<\/p>\n<p><strong>Anna Barbara Bogusz<\/strong><\/p>\n<p>konsul ds. polonijnych w Ambasadzie RP w Hadze, zawodowy dyplomata, pracownik Ministerstwa Spraw Zagranicznych. W Holandii pracuje od 2015 r. Prywatnie pasjonatka egzotycznych podr\u00f3\u017cy, mi\u0142o\u015bniczka zwierz\u0105t.<\/p>\n<p>&nbsp;<\/p>\n<p><strong><a href=\"https:\/\/i0.wp.com\/www.wierszowisko.com\/wp-content\/uploads\/Ela-Weiss-1.jpg\" target=\"_blank\" rel=\"noopener noreferrer\"><img loading=\"lazy\" class=\"size-medium wp-image-3387 alignnone\" src=\"https:\/\/i0.wp.com\/www.wierszowisko.com\/wp-content\/uploads\/Ela-Weiss-1-300x212.jpg?resize=300%2C212\" alt=\"\" width=\"300\" height=\"212\" srcset=\"https:\/\/i0.wp.com\/www.wierszowisko.com\/wp-content\/uploads\/Ela-Weiss-1.jpg?resize=300%2C212&amp;ssl=1 300w, https:\/\/i0.wp.com\/www.wierszowisko.com\/wp-content\/uploads\/Ela-Weiss-1.jpg?resize=768%2C543&amp;ssl=1 768w, https:\/\/i0.wp.com\/www.wierszowisko.com\/wp-content\/uploads\/Ela-Weiss-1.jpg?resize=1024%2C724&amp;ssl=1 1024w, https:\/\/i0.wp.com\/www.wierszowisko.com\/wp-content\/uploads\/Ela-Weiss-1.jpg?resize=150%2C106&amp;ssl=1 150w, https:\/\/i0.wp.com\/www.wierszowisko.com\/wp-content\/uploads\/Ela-Weiss-1.jpg?resize=400%2C283&amp;ssl=1 400w, https:\/\/i0.wp.com\/www.wierszowisko.com\/wp-content\/uploads\/Ela-Weiss-1.jpg?w=1754&amp;ssl=1 1754w, https:\/\/i0.wp.com\/www.wierszowisko.com\/wp-content\/uploads\/Ela-Weiss-1.jpg?w=1280&amp;ssl=1 1280w\" sizes=\"(max-width: 300px) 100vw, 300px\" data-recalc-dims=\"1\" \/><\/a><\/strong><\/p>\n<p><strong>El\u017cbieta Niemczuk-Weiss<\/strong><br \/>\nJ\u0119zykoznawca, wyk\u0142adowca j\u0119zyka polskiego na slawistyce Uniwersytetu Amsterdamskiego oraz w Szkole Europejskiej w Bergen, przewodnicz\u0105ca Sekcji Polskiej w organizacji Levende Talen, popularyzatorka j\u0119zyka i kultury polskiej w Holandii<\/p>\n<p>&nbsp;<\/p>\n<p><strong><a href=\"https:\/\/i0.wp.com\/www.wierszowisko.com\/wp-content\/uploads\/Krystyna.jpg\" target=\"_blank\" rel=\"noopener noreferrer\"><img loading=\"lazy\" class=\"wp-image-3388 size-medium alignnone\" src=\"https:\/\/i0.wp.com\/www.wierszowisko.com\/wp-content\/uploads\/Krystyna-300x212.jpg?resize=300%2C212\" alt=\"\" width=\"300\" height=\"212\" srcset=\"https:\/\/i0.wp.com\/www.wierszowisko.com\/wp-content\/uploads\/Krystyna.jpg?resize=300%2C212&amp;ssl=1 300w, https:\/\/i0.wp.com\/www.wierszowisko.com\/wp-content\/uploads\/Krystyna.jpg?resize=768%2C543&amp;ssl=1 768w, https:\/\/i0.wp.com\/www.wierszowisko.com\/wp-content\/uploads\/Krystyna.jpg?resize=1024%2C724&amp;ssl=1 1024w, https:\/\/i0.wp.com\/www.wierszowisko.com\/wp-content\/uploads\/Krystyna.jpg?resize=150%2C106&amp;ssl=1 150w, https:\/\/i0.wp.com\/www.wierszowisko.com\/wp-content\/uploads\/Krystyna.jpg?resize=400%2C283&amp;ssl=1 400w, https:\/\/i0.wp.com\/www.wierszowisko.com\/wp-content\/uploads\/Krystyna.jpg?w=1754&amp;ssl=1 1754w, https:\/\/i0.wp.com\/www.wierszowisko.com\/wp-content\/uploads\/Krystyna.jpg?w=1280&amp;ssl=1 1280w\" sizes=\"(max-width: 300px) 100vw, 300px\" data-recalc-dims=\"1\" \/><\/a><\/strong><\/p>\n<p><strong>Krystyna Olliffe<\/strong><br \/>\nPrezes Polskiej Macierzy Szkolnej w Anglii. Wieloletnia dzia\u0142aczka polonijna, autorka i inicjatorka konkurs\u00f3w, wydarze\u0144, projekt\u00f3w o\u015bwiatowych i kulturalnych w Londynie.<\/p>\n<p>&nbsp;<\/p>\n<p><strong><a href=\"https:\/\/i0.wp.com\/www.wierszowisko.com\/wp-content\/uploads\/Waldek-1.jpg\" target=\"_blank\" rel=\"noopener noreferrer\"><img loading=\"lazy\" class=\"wp-image-3389 size-medium alignnone\" src=\"https:\/\/i0.wp.com\/www.wierszowisko.com\/wp-content\/uploads\/Waldek-1-300x212.jpg?resize=300%2C212\" alt=\"\" width=\"300\" height=\"212\" srcset=\"https:\/\/i0.wp.com\/www.wierszowisko.com\/wp-content\/uploads\/Waldek-1.jpg?resize=300%2C212&amp;ssl=1 300w, https:\/\/i0.wp.com\/www.wierszowisko.com\/wp-content\/uploads\/Waldek-1.jpg?resize=768%2C543&amp;ssl=1 768w, https:\/\/i0.wp.com\/www.wierszowisko.com\/wp-content\/uploads\/Waldek-1.jpg?resize=1024%2C724&amp;ssl=1 1024w, https:\/\/i0.wp.com\/www.wierszowisko.com\/wp-content\/uploads\/Waldek-1.jpg?resize=150%2C106&amp;ssl=1 150w, https:\/\/i0.wp.com\/www.wierszowisko.com\/wp-content\/uploads\/Waldek-1.jpg?resize=400%2C283&amp;ssl=1 400w, https:\/\/i0.wp.com\/www.wierszowisko.com\/wp-content\/uploads\/Waldek-1.jpg?w=2048&amp;ssl=1 2048w, https:\/\/i0.wp.com\/www.wierszowisko.com\/wp-content\/uploads\/Waldek-1.jpg?w=1280&amp;ssl=1 1280w, https:\/\/i0.wp.com\/www.wierszowisko.com\/wp-content\/uploads\/Waldek-1.jpg?w=1920&amp;ssl=1 1920w\" sizes=\"(max-width: 300px) 100vw, 300px\" data-recalc-dims=\"1\" \/><\/a><\/strong><\/p>\n<p><strong>Waldemar Pankiw<\/strong><br \/>\nWieloletni dzia\u0142acz polonijny, od wielu lat juror Wierszowiska. Cz\u0142onek zarz\u0105du Polsko Niderlandzkiego Stowarzyszenia Kulturalnego, organizacji dzia\u0142aj\u0105cej w Holandii od 37 lat. Redaktor naczelny Biuletynu i PNKV-boekenservice.<\/p>\n<p>&nbsp;<\/p>\n<p><strong><a href=\"https:\/\/i0.wp.com\/www.wierszowisko.com\/wp-content\/uploads\/Rusinek.jpg\" target=\"_blank\" rel=\"noopener noreferrer\"><img loading=\"lazy\" class=\"wp-image-3390 size-medium alignnone\" src=\"https:\/\/i0.wp.com\/www.wierszowisko.com\/wp-content\/uploads\/Rusinek-300x212.jpg?resize=300%2C212\" alt=\"\" width=\"300\" height=\"212\" srcset=\"https:\/\/i0.wp.com\/www.wierszowisko.com\/wp-content\/uploads\/Rusinek.jpg?resize=300%2C212&amp;ssl=1 300w, https:\/\/i0.wp.com\/www.wierszowisko.com\/wp-content\/uploads\/Rusinek.jpg?resize=768%2C543&amp;ssl=1 768w, https:\/\/i0.wp.com\/www.wierszowisko.com\/wp-content\/uploads\/Rusinek.jpg?resize=1024%2C724&amp;ssl=1 1024w, https:\/\/i0.wp.com\/www.wierszowisko.com\/wp-content\/uploads\/Rusinek.jpg?resize=150%2C106&amp;ssl=1 150w, https:\/\/i0.wp.com\/www.wierszowisko.com\/wp-content\/uploads\/Rusinek.jpg?resize=400%2C283&amp;ssl=1 400w, https:\/\/i0.wp.com\/www.wierszowisko.com\/wp-content\/uploads\/Rusinek.jpg?w=1754&amp;ssl=1 1754w, https:\/\/i0.wp.com\/www.wierszowisko.com\/wp-content\/uploads\/Rusinek.jpg?w=1280&amp;ssl=1 1280w\" sizes=\"(max-width: 300px) 100vw, 300px\" data-recalc-dims=\"1\" \/><\/a><\/strong><\/p>\n<p><strong>Micha\u0142 Rusinek<\/strong><br \/>\nWyk\u0142ada (literaturoznawstwo na UJ), przek\u0142ada (ksi\u0105\u017cki) i uk\u0142ada (wierszyki, piosenki, felietony). By\u0142 sekretarzem Wis\u0142awy Szymborskiej, teraz prowadzi jej Fundacj\u0119.<br \/>\nAutor ksi\u0105\u017cek dla dzieci i doros\u0142ych.<\/p>\n<p>&nbsp;<\/p>\n<p><a href=\"https:\/\/i0.wp.com\/www.wierszowisko.com\/wp-content\/uploads\/Marta-1.jpg\" target=\"_blank\" rel=\"noopener noreferrer\"><img loading=\"lazy\" class=\"wp-image-3392 size-medium alignnone\" src=\"https:\/\/i0.wp.com\/www.wierszowisko.com\/wp-content\/uploads\/Marta-1-300x212.jpg?resize=300%2C212\" alt=\"\" width=\"300\" height=\"212\" srcset=\"https:\/\/i0.wp.com\/www.wierszowisko.com\/wp-content\/uploads\/Marta-1.jpg?resize=300%2C212&amp;ssl=1 300w, https:\/\/i0.wp.com\/www.wierszowisko.com\/wp-content\/uploads\/Marta-1.jpg?resize=768%2C543&amp;ssl=1 768w, https:\/\/i0.wp.com\/www.wierszowisko.com\/wp-content\/uploads\/Marta-1.jpg?resize=1024%2C724&amp;ssl=1 1024w, https:\/\/i0.wp.com\/www.wierszowisko.com\/wp-content\/uploads\/Marta-1.jpg?resize=150%2C106&amp;ssl=1 150w, https:\/\/i0.wp.com\/www.wierszowisko.com\/wp-content\/uploads\/Marta-1.jpg?resize=400%2C283&amp;ssl=1 400w, https:\/\/i0.wp.com\/www.wierszowisko.com\/wp-content\/uploads\/Marta-1.jpg?w=1754&amp;ssl=1 1754w, https:\/\/i0.wp.com\/www.wierszowisko.com\/wp-content\/uploads\/Marta-1.jpg?w=1280&amp;ssl=1 1280w\" sizes=\"(max-width: 300px) 100vw, 300px\" data-recalc-dims=\"1\" \/><\/a>&nbsp;<\/p>\n<p>Sekretarz jury<\/p>\n<p><strong>Marta van Vliet-Soko\u0142owska<\/strong><br \/>\nT\u0142umaczka niderlandzko-polska i polsko-niderlandzka. Mi\u0142o\u015bniczka obu j\u0119zyk\u00f3w, zar\u00f3wno w mowie jak i w pi\u015bmie. Absolwentka niderlandystyki na Uniwersytecie Wroc\u0142awskim. Sekretarz Sekcji Polskiej w organizacji Levende Talen, w wolnym czasie t\u0142umaczy dla PNKV.<\/p>\n<p>&nbsp;<\/p>\n","protected":false},"excerpt":{"rendered":"<p>Z ogromn\u0105 rado\u015bci\u0105 przedstawiamy juror\u00f3w Wierszowiska 2019. W tym roku opr\u00f3cz go\u015bci z Holandii b\u0119d\u0105 z nami go\u015bcie z Polski, Anglii, Francji.<\/p>\n<p>&nbsp;<\/p>\n<p>Jerzy Fedorowicz &#8211; Przewodnicz\u0105cy Jury Aktor teatralny i filmowy, re\u017cyser spektakli teatralnych, nauczyciel akademicki, senator. Przewodnicz\u0105cy senackiej Komisji Kultury i \u015arodk\u00f3w Przekazu, zasiada tak\u017ce w Komisji \u0141\u0105czno\u015bci z Polakami za Granic\u0105.<\/p>\n<p>&nbsp;<\/p>\n<p> [&#8230;]<\/p>\n","protected":false},"author":1,"featured_media":0,"comment_status":"closed","ping_status":"open","sticky":false,"template":"","format":"standard","meta":{"ngg_post_thumbnail":0,"spay_email":"","jetpack_publicize_message":"","jetpack_is_tweetstorm":false,"jetpack_publicize_feature_enabled":true},"categories":[48,39],"tags":[],"jetpack_featured_media_url":"","_links":{"self":[{"href":"https:\/\/www.wierszowisko.com\/index.php?rest_route=\/wp\/v2\/posts\/3376"}],"collection":[{"href":"https:\/\/www.wierszowisko.com\/index.php?rest_route=\/wp\/v2\/posts"}],"about":[{"href":"https:\/\/www.wierszowisko.com\/index.php?rest_route=\/wp\/v2\/types\/post"}],"author":[{"embeddable":true,"href":"https:\/\/www.wierszowisko.com\/index.php?rest_route=\/wp\/v2\/users\/1"}],"replies":[{"embeddable":true,"href":"https:\/\/www.wierszowisko.com\/index.php?rest_route=%2Fwp%2Fv2%2Fcomments&post=3376"}],"version-history":[{"count":15,"href":"https:\/\/www.wierszowisko.com\/index.php?rest_route=\/wp\/v2\/posts\/3376\/revisions"}],"predecessor-version":[{"id":3503,"href":"https:\/\/www.wierszowisko.com\/index.php?rest_route=\/wp\/v2\/posts\/3376\/revisions\/3503"}],"wp:attachment":[{"href":"https:\/\/www.wierszowisko.com\/index.php?rest_route=%2Fwp%2Fv2%2Fmedia&parent=3376"}],"wp:term":[{"taxonomy":"category","embeddable":true,"href":"https:\/\/www.wierszowisko.com\/index.php?rest_route=%2Fwp%2Fv2%2Fcategories&post=3376"},{"taxonomy":"post_tag","embeddable":true,"href":"https:\/\/www.wierszowisko.com\/index.php?rest_route=%2Fwp%2Fv2%2Ftags&post=3376"}],"curies":[{"name":"wp","href":"https:\/\/api.w.org\/{rel}","templated":true}]}}