{"id":3228,"date":"2018-03-18T21:55:13","date_gmt":"2018-03-18T21:55:13","guid":{"rendered":"http:\/\/www.wierszowisko.com\/?p=3228"},"modified":"2018-03-28T18:45:46","modified_gmt":"2018-03-28T18:45:46","slug":"wyniki-18-wierszowiska","status":"publish","type":"post","link":"https:\/\/www.wierszowisko.com\/?p=3228","title":{"rendered":"Wyniki XVIII Wierszowiska"},"content":{"rendered":"<p><img loading=\"lazy\" class=\"alignleft wp-image-3229\" src=\"https:\/\/i0.wp.com\/www.wierszowisko.com\/wp-content\/uploads\/foto1.jpg?resize=640%2C284\" alt=\"\" width=\"640\" height=\"284\" srcset=\"https:\/\/i0.wp.com\/www.wierszowisko.com\/wp-content\/uploads\/foto1.jpg?w=4971&amp;ssl=1 4971w, https:\/\/i0.wp.com\/www.wierszowisko.com\/wp-content\/uploads\/foto1.jpg?resize=300%2C133&amp;ssl=1 300w, https:\/\/i0.wp.com\/www.wierszowisko.com\/wp-content\/uploads\/foto1.jpg?resize=768%2C341&amp;ssl=1 768w, https:\/\/i0.wp.com\/www.wierszowisko.com\/wp-content\/uploads\/foto1.jpg?resize=1024%2C455&amp;ssl=1 1024w, https:\/\/i0.wp.com\/www.wierszowisko.com\/wp-content\/uploads\/foto1.jpg?resize=150%2C67&amp;ssl=1 150w, https:\/\/i0.wp.com\/www.wierszowisko.com\/wp-content\/uploads\/foto1.jpg?resize=400%2C178&amp;ssl=1 400w, https:\/\/i0.wp.com\/www.wierszowisko.com\/wp-content\/uploads\/foto1.jpg?w=1280&amp;ssl=1 1280w, https:\/\/i0.wp.com\/www.wierszowisko.com\/wp-content\/uploads\/foto1.jpg?w=1920&amp;ssl=1 1920w\" sizes=\"(max-width: 640px) 100vw, 640px\" data-recalc-dims=\"1\" \/><\/p>\n<div>\n<div>\n<div>&nbsp;<\/div>\n<div>&nbsp;<\/div>\n<div><span style=\"color: #000000;\">To by\u0142 d\u0142ugi, pe\u0142ny wra\u017ce\u0144 i emocji dzie\u0144. Na wierszowiskowej scenie pojawi\u0142o si\u0119 87 m\u0142odych uczestnik\u00f3w, kt\u00f3rzy zaprezentowali si\u0119 znakomicie recytuj\u0105c przepi\u0119knie polskie wiersze. Obejrzeli\u015bmy 6 wyst\u0119p\u00f3w grupowych przygotowanych przez szko\u0142y, wys\u0142uchali\u015bmy 43 wierszy w wyst\u0119pach indywidualnych. Ogromnie brawa i gratulacje dla wszystkich uczestnik\u00f3w- ka\u017cdy zas\u0142u\u017cy\u0142 na medal z naszym weso\u0142ym s\u0142oneczkiem!<\/span><\/div>\n<\/div>\n<\/div>\n<div>\n<div>\n<div><span style=\"color: #000000;\">Dzi\u0119kujemy wszystkim, kt\u00f3rzy przyczynili si\u0119 do tego, \u017ce XVIII Festiwal mia\u0142 tak pi\u0119kn\u0105 opraw\u0119, a uczestnicy otrzymali tak wspania\u0142e upominki za udzia\u0142.&nbsp;<\/span><\/div>\n<\/div>\n<\/div>\n<div>\n<div>\n<div><span style=\"color: #000000;\">&nbsp;<\/span><\/div>\n<\/div>\n<\/div>\n<div>\n<div>\n<div><span style=\"color: #000000;\">Wyniki XVIII Festiwalu Polskiej Poezji dla Dzieci Wierszowisko:<\/span><\/div>\n<\/div>\n<\/div>\n<div>\n<div>\n<div><span style=\"color: #000000;\">&nbsp;<\/span><\/div>\n<\/div>\n<\/div>\n<div>\n<div>\n<div><span style=\"color: #000000;\">Kategoria wiekowa 4-6 lat<\/span><\/div>\n<\/div>\n<\/div>\n<div>\n<div>\n<div><span style=\"color: #000000;\">I miejsce Nathan Tru\u015b, P<\/span>olska Szko\u0142a Tilburg,&nbsp;&#8220;Dzie\u0144 niegrzeczno\u015bci&#8221; Agnieszka Fr\u0105czek,&nbsp;&nbsp;<\/div>\n<div>I miejsce Lena Przibilla, Polska Szko\u0142a Tilburg, &#8220;Miasto&#8221; Anna Kamie\u0144ska<\/div>\n<\/div>\n<\/div>\n<div>\n<div>\n<div><span style=\"color: #000000;\">II miejsce Mila Jur, <\/span>Polska Szko\u0142a Eindhoven,&nbsp;&#8220;Wyspa szcz\u0119\u015bliwo\u015bci&#8221; Leszek Sulima,&nbsp;<\/div>\n<\/div>\n<\/div>\n<div>\n<div>\n<div><span style=\"color: #000000;\">III miejsce&nbsp;Julia van Dommelen, Polska Szko\u0142a w Oss Osstoja&#8221;Emu&#8221; Agnieszka Fr\u0105czek<\/span><\/div>\n<div>wyr\u00f3\u017cnienie od Sectie Levende Talen Raidon Hakim, Polska Szko\u0142a Schiedam, &#8221; Pstryk&#8221; Julian Tuwim<\/div>\n<\/div>\n<\/div>\n<div>\n<div>\n<div>wyr\u00f3\u017cnienie przyznane przez senatora Jerzego Fedorowicza&nbsp;Amelie Grucha\u0142a, Polska Szko\u0142a Roosendaal, &#8220;Kurcze blade&#8221; Wanda Chotomska<\/div>\n<div><span style=\"color: #000000;\">&nbsp;<\/span><\/div>\n<\/div>\n<\/div>\n<div><span style=\"color: #000000;\">Kategoria wiekowa 7-9&nbsp;lat<\/span><\/div>\n<div>I miejsce Thomas Bragt, Polska Szko\u0142a w Oss Osstoja &#8220;Sp\u00f3\u017aniony s\u0142owik&#8221; Julian Tuwim<\/div>\n<div>II miejsce Oliwier Weijers, Polska Szko\u0142a Nijmegen, &#8220;Le\u0144&#8221; Jan Brzechwa<\/div>\n<div>II miejsce Bart\u0142omiej Bru\u015b, Polska Szko\u0142a, Polska Szko\u0142a Tilburg, &#8220;Prot i Filip&#8221; Jan Brzechwa<\/div>\n<div>III miejsce Kevin Zwoi\u0144ski, Polska Szko\u0142a w Oss Osstoja &#8220;\u017bwawy Grzegorz&#8221; Eliza Rozdoba<\/div>\n<div>\n<div>&nbsp;<\/div>\n<div><span style=\"color: #000000;\">wyr\u00f3\u017cnienie: Lena Cichowicz, Polska Szko\u0142a Roosendaal, &#8220;Zosia Samosia&#8221; Julian Tuwim<\/span><\/div>\n<div>wyr\u00f3\u017cnienie: Kelly Anoumou, Poska Szko\u0142a Enschede Abecad\u0142o, &#8220;K\u0142amczucha&#8221; Jan Brzechwa<\/div>\n<div>wyr\u00f3\u017cnienie od Sectie Levende Talen Livia Kobierska, &#8220;Rupaki&#8221; Danuta Wawi\u0142ow&nbsp;<\/div>\n<div>wyr\u00f3\u017cnienie przyznane przez senatora Jerzego Fedorowicza&nbsp;Kelly Anoumou, Poska Szko\u0142a Enschede Abecad\u0142o, &#8220;K\u0142amczucha&#8221; Jan Brzechwa<\/div>\n<div>&nbsp;<\/div>\n<\/div>\n<div>\n<div>\n<div><span style=\"color: #000000;\">Kategoria wiekowa 10-13 lat<\/span><\/div>\n<\/div>\n<\/div>\n<div>\n<div>\n<div><span style=\"color: #000000;\">I miejsce Oliwia Obadowska, Polska Szko\u0142a w Oss Osstoja, &#8220;Czes\u0142awa woli Czes\u0142awa&#8221; \u0141ukasz D\u0119bski<\/span><\/div>\n<\/div>\n<\/div>\n<div>\n<div>\n<div><span style=\"color: #000000;\">II miejsce Klara Cyry, Polska Szko\u0142a w Oss Osstoja, &#8220;Antycyponek&#8221; Maciej Wojtyszko<\/span><\/div>\n<\/div>\n<\/div>\n<div>\n<div>\n<div><span style=\"color: #000000;\">III miejsce&nbsp;Barbara Walorska, Polska Szko\u0142a w Oss Osstoja, &#8220;M\u0105dra poduszka&#8221; Ludwig Jerzy Kern<\/span><\/div>\n<\/div>\n<\/div>\n<div>&nbsp;<\/div>\n<div>wyr\u00f3\u017cenie od Uniwersytetu w Amsterdamie&nbsp;dla Klaudii Guzowskiej z Polskiej Szko\u0142y w Enschede Abecad\u0142o<\/div>\n<div>wyr\u00f3\u017cnienie od Sectie Levende Talen dla Klary Cyrys z Polskiej Szko\u0142y w Oss Osstoja<\/div>\n<div>&nbsp;<\/div>\n<div>Kategoria zesp\u00f3\u0142 grupowy:<\/div>\n<div>I miejsce Polska Szko\u0142a Schiedam za przedstawienie &#8220;Kot w butach&#8221;<\/div>\n<div>II miejsce Polska Szko\u0142a w Oss Osstoja za przedstawienie &#8220;\u0141aweczka&#8221;<\/div>\n<div>III miejsce Polska Szko\u0142a Breda\/Roosendaal za przedstawienie &#8220;Cztery pory roku pod trzepakiem&#8221;.&nbsp;<\/div>\n<div>&nbsp;<\/div>\n<div>wyr\u00f3\u017cnienie przyznane przez senatora Jerzego Fedorowicza Bartek Stabilinski i Linda Baas, Polska Szko\u0142a Groningen za przedstawienie &#8220;Rozmowa liryczna&#8221;<\/div>\n<div>&nbsp;<\/div>\n<div>Puchar konsula trafi\u0142 do Polskiej Szko\u0142y w Schiedam<\/div>\n<div>&nbsp;<\/div>\n<div>Najm\u0142odszym uczestnikiem wyst\u0119puj\u0105cym indywidualnie by\u0142a Lena Przibilla, kt\u00f3ra otrzyma\u0142a specjalny puchar za odwag\u0119. Najstarszym uczestnikiem, ko\u0144cz\u0105cym ju\u017c przygod\u0119 z wyst\u0119pami, by\u0142a Barbara Walorska. Basia wyst\u0105pi\u0142a na Wierszowisku po raz 9, od 4 roku \u017cycia wyst\u0119puje w kategorii indywidualnej i co rok stawa\u0142a na podium. Za wieloletnie wyst\u0119py otrzyma\u0142a nagrod\u0119 specjaln\u0105 ufundowan\u0105 przez patrona i sponsora Wierszowiska- portal&nbsp;<a href=\"http:\/\/niedziela.nl\/\" target=\"_blank\" rel=\"noopener noreferrer\" data-saferedirecturl=\"https:\/\/www.google.com\/url?hl=pl&amp;q=http:\/\/niedziela.nl&amp;source=gmail&amp;ust=1521498034790000&amp;usg=AFQjCNEVgzeCih0yV9cpInnLINBd-N8-bA\">niedziela.nl<\/a>. Rodzicom Basi, Alinie i Ryszardowi Walorskim,&nbsp; orgazanizatorzy wr\u0119czyli dyplom gratulacyjny.&nbsp;<\/div>\n<p>foto. Gosia Lubbers-D\u0105browska<\/p>\n<p>Zobacz r\u00f3wnie\u017c<a href=\"http:\/\/www.wierszowisko.com\/?p=3250\"> Relacje fotograficzne i filmowe<\/a> z tego dnia.<\/p>\n<p>&nbsp;<\/p>\n<p>&nbsp;<\/p>\n<p>&nbsp;<\/p>\n<p>&nbsp;<\/p>\n<p>&nbsp;<\/p>\n<p>&nbsp;<\/p>\n","protected":false},"excerpt":{"rendered":"<\/p>\n<p> &nbsp; &nbsp; To by\u0142 d\u0142ugi, pe\u0142ny wra\u017ce\u0144 i emocji dzie\u0144. Na wierszowiskowej scenie pojawi\u0142o si\u0119 87 m\u0142odych uczestnik\u00f3w, kt\u00f3rzy zaprezentowali si\u0119 znakomicie recytuj\u0105c przepi\u0119knie polskie wiersze. Obejrzeli\u015bmy 6 wyst\u0119p\u00f3w grupowych przygotowanych przez szko\u0142y, wys\u0142uchali\u015bmy 43 wierszy w wyst\u0119pach indywidualnych. Ogromnie brawa i gratulacje dla wszystkich uczestnik\u00f3w- ka\u017cdy zas\u0142u\u017cy\u0142 na medal z naszym weso\u0142ym s\u0142oneczkiem! [&#8230;]<\/p>\n","protected":false},"author":1,"featured_media":0,"comment_status":"closed","ping_status":"open","sticky":false,"template":"","format":"standard","meta":{"ngg_post_thumbnail":0,"spay_email":"","jetpack_publicize_message":"","jetpack_is_tweetstorm":false,"jetpack_publicize_feature_enabled":true},"categories":[46,39],"tags":[],"jetpack_featured_media_url":"","_links":{"self":[{"href":"https:\/\/www.wierszowisko.com\/index.php?rest_route=\/wp\/v2\/posts\/3228"}],"collection":[{"href":"https:\/\/www.wierszowisko.com\/index.php?rest_route=\/wp\/v2\/posts"}],"about":[{"href":"https:\/\/www.wierszowisko.com\/index.php?rest_route=\/wp\/v2\/types\/post"}],"author":[{"embeddable":true,"href":"https:\/\/www.wierszowisko.com\/index.php?rest_route=\/wp\/v2\/users\/1"}],"replies":[{"embeddable":true,"href":"https:\/\/www.wierszowisko.com\/index.php?rest_route=%2Fwp%2Fv2%2Fcomments&post=3228"}],"version-history":[{"count":20,"href":"https:\/\/www.wierszowisko.com\/index.php?rest_route=\/wp\/v2\/posts\/3228\/revisions"}],"predecessor-version":[{"id":3265,"href":"https:\/\/www.wierszowisko.com\/index.php?rest_route=\/wp\/v2\/posts\/3228\/revisions\/3265"}],"wp:attachment":[{"href":"https:\/\/www.wierszowisko.com\/index.php?rest_route=%2Fwp%2Fv2%2Fmedia&parent=3228"}],"wp:term":[{"taxonomy":"category","embeddable":true,"href":"https:\/\/www.wierszowisko.com\/index.php?rest_route=%2Fwp%2Fv2%2Fcategories&post=3228"},{"taxonomy":"post_tag","embeddable":true,"href":"https:\/\/www.wierszowisko.com\/index.php?rest_route=%2Fwp%2Fv2%2Ftags&post=3228"}],"curies":[{"name":"wp","href":"https:\/\/api.w.org\/{rel}","templated":true}]}}