{"id":2753,"date":"2016-03-16T11:50:46","date_gmt":"2016-03-16T11:50:46","guid":{"rendered":"http:\/\/www.wierszowisko.com\/?p=2753"},"modified":"2016-03-16T18:44:22","modified_gmt":"2016-03-16T18:44:22","slug":"2753","status":"publish","type":"post","link":"https:\/\/www.wierszowisko.com\/?p=2753","title":{"rendered":"&#8220;Zielono mi&#8221; czyli XVI Festiwal Poezji dla Dzieci Wierszowisko 2016"},"content":{"rendered":"<p><img loading=\"lazy\" class=\"alignnone size-medium wp-image-2764\" src=\"https:\/\/i0.wp.com\/www.wierszowisko.com\/wp-content\/uploads\/IMG_7854-300x201.jpg?resize=300%2C201\" alt=\"IMG_7854\" width=\"300\" height=\"201\" srcset=\"https:\/\/i0.wp.com\/www.wierszowisko.com\/wp-content\/uploads\/IMG_7854.jpg?resize=300%2C201&amp;ssl=1 300w, https:\/\/i0.wp.com\/www.wierszowisko.com\/wp-content\/uploads\/IMG_7854.jpg?resize=768%2C515&amp;ssl=1 768w, https:\/\/i0.wp.com\/www.wierszowisko.com\/wp-content\/uploads\/IMG_7854.jpg?resize=1024%2C687&amp;ssl=1 1024w, https:\/\/i0.wp.com\/www.wierszowisko.com\/wp-content\/uploads\/IMG_7854.jpg?resize=150%2C101&amp;ssl=1 150w, https:\/\/i0.wp.com\/www.wierszowisko.com\/wp-content\/uploads\/IMG_7854.jpg?resize=400%2C268&amp;ssl=1 400w, https:\/\/i0.wp.com\/www.wierszowisko.com\/wp-content\/uploads\/IMG_7854.jpg?w=1280&amp;ssl=1 1280w, https:\/\/i0.wp.com\/www.wierszowisko.com\/wp-content\/uploads\/IMG_7854.jpg?w=1920&amp;ssl=1 1920w\" sizes=\"(max-width: 300px) 100vw, 300px\" data-recalc-dims=\"1\" \/><\/p>\n<p>Przewodnicz\u0105ca Forum Agnieszka Lonska pisze:<\/p>\n<div>\n<h2>&#8220;Zielono mi&#8221; czyli XVI Festiwal Poezji dla Dzieci Wierszowisko 2016<\/h2>\n<div><\/div>\n<div><\/div>\n<div>Zazieleni\u0142o si\u0119 w Wijchen w niedziel\u0119. Zielone ludki, \u017cuczki, ufoluduki, Matki Natury, le\u015bne stworki, Zielone Kapturki, Panie Wiosny, groszek zielony i wiele innych malowniczo przebranych postaci pojawi\u0142o si\u0119 na scenie. By\u0142a poezja weso\u0142a, ale te\u017c powa\u017cna, chwile wzruszenia i wybuchy \u015bmiechu na sali. Uczestnicy dawali z siebie wszystko, poziom wyst\u0119p\u00f3w by\u0142 naprawd\u0119 wysoki. Po niekt\u00f3rych wida\u0107 by\u0142o trem\u0119, nielicznym by\u0142 potrzebny sufler, inni na scenie czuli si\u0119 na tyle swobodnie, \u017ce jeszcze przed swoim wyst\u0119pem \u015bpiewali do mikrofonu. Ale wszyscy cieszyli si\u0119 z wyst\u0119p\u00f3w i z rado\u015bci\u0105 odbierali zas\u0142u\u017cony medal i dyplom uczestnictwa oraz upominki.\u00a0 I w\u0142a\u015bnie ta rado\u015b\u0107 dzieci jest dla nas- organizator\u00f3w- najwi\u0119ksz\u0105 satysfakcj\u0105.<\/div>\n<div><\/div>\n<div>Wspaniale by\u0142o popatrze\u0107 na wyst\u0119puj\u0105ce dzieci, ale te\u017c na emocje widz\u00f3w wywo\u0142ane tymi wyst\u0119pami, na prze\u017cywaj\u0105cych rodzic\u00f3w- bezg\u0142o\u015bnie i cz\u0119sto bezwiednie powtarzaj\u0105cych z w\u0142asnym dzieckiem tekst wiersza. Na holenderskich tatusi\u00f3w, babcie, dziadk\u00f3w i ciocie, kt\u00f3rzy nie znaj\u0105c polskiego ch\u0142on\u0119li atmosfer\u0119 polsko\u015bci i z rado\u015bci\u0105 uczestniczyli w wydarzeniu. Z perspektywy organizatora zupe\u0142nie inaczej si\u0119 Wierszowisko prze\u017cywa i ocenia, ale s\u0105dz\u0105c po reakcjach jakie otrzymali\u015bmy do tej pory, mo\u017cna si\u0119 pokusi\u0107 o stwierdzenie, \u017ce atmosfera by\u0142a wspania\u0142a. By\u0142 to d\u0142ugi dzie\u0144 pe\u0142en emocji, wzrusze\u0144, zabawy i rado\u015bci. \u015awi\u0119to polskiej poezji, polskiego j\u0119zyka i Polskich Szk\u00f3\u0142 w Holandii.<\/div>\n<div><\/div>\n<div>\n<p>W tym roku spotkali\u015bmy si\u0119 w nowym miejscu, przestronnym i bardzo go\u015bcinnym teatrze Mozaiek w Wijchen. Wspania\u0142e miejsce na ca\u0142odniowy festiwal, gdzie zar\u00f3wno uczestnicy jak i go\u015bcie poczuli si\u0119 wygodnie i swobodnie. By\u0142 czas i miejsce na rozmowy przy kawie, zabaw\u0119. Pi\u0119knie uda\u0142o si\u0119 wyeksponowa\u0107 prace plastyczne nades\u0142ane na towarzysz\u0105cy Wierszowisku konkurs, w tym roku organizowany przez Centrum Lokomotywa z Amsterdamu. Rodzice mogli kupi\u0107 losy na loteri\u0119, dzieci wzi\u0105\u0107 udzia\u0142 w Quizie Wierszowiskowym i zapisa\u0107 swoje marzenia na naszym zielonym Drzewku Marze\u0144. By\u0142 czas na polonijn\u0105 pras\u0119, obejrzenie stoisk sponsor\u00f3w wydarzenia oraz stoiska Forum Polskich Szk\u00f3\u0142 w Holandii gdzie prezentowali\u015bmy \u00a0codzienn\u0105 dzia\u0142alno\u015b\u0107 nasz\u0105 oraz szk\u00f3\u0142 cz\u0142onkowskich w tym tak\u017ce najnowszego cz\u0142onka FPSN, Polsk\u0105 Szko\u0142\u0119 Abecad\u0142o z Enschede, kt\u00f3r\u0105 to szko\u0142\u0119 uroczy\u015bcie i oficjalnie przyjeli\u015bmy tego dnia do Forum.<\/p>\n<div><\/div>\n<div>Na wierszowiskowej scenie spotka\u0142o si\u0119 w tym roku 100 dzieci z 10 szk\u00f3\u0142 z ca\u0142ej Holandii. W cz\u0119\u015bci indywidualnej wyst\u0105pi\u0142o 40 uczestnik\u00f3w, z czego a\u017c 14 os\u00f3b zosta\u0142o nagrodzonych!\u00a0 Wiele nazwisk, tak\u017ce w\u015br\u00f3d wygranych pojawi\u0142o si\u0119 ju\u017c po raz kolejny na Wierszowisku. W najstarszej katergorii 10-13 lat, wszyscy uczestnicy wyst\u0119powali ju\u017c wcze\u015bniej na Wierszowisku. Dla niekt\u00f3rych tegoroczny wyst\u0119p by\u0142 ju\u017c ich sz\u00f3stym!<\/div>\n<div><\/div>\n<div>\n<p>W wyst\u0119pach grupowych zaprezentowa\u0142o nam si\u0119 siedem szk\u00f3\u0142.\u00a0 Najwi\u0119kszy puchar, pud\u0142o pe\u0142ne ksi\u0105\u017cek, pi\u0119kny str\u00f3j krakowski oraz pude\u0142ko kolorowych ciasteczek trafi\u0142o do zdobywc\u00f3w I miejsca- Polskiej Szko\u0142y Lokomotywa z Amsterdamu. Mi\u0142o by\u0142o popatrze\u0107 na rado\u015b\u0107 szko\u0142y z nagrody. Lokomotywa zaprezentowa\u0142a przedstawienie&#8221;Zielone Kapturki i wilk\u201d na\u00a0podstawie \u201eZabawy w teatr\u201d Zofii W\u00f3jcik<\/p>\n<\/div>\n<div>Debiutanci tegorocznego Wierszowiska, Polska Szko\u0142a Fundacji Kreda z Lisse, zdobyli II miejsce. Wspania\u0142y debiut na Wierszowiskowej scenie i zupe\u0142nie przez szko\u0142\u0119 niespodziewany. Tym wi\u0119ksza rado\u015b\u0107 z nagrody. Zmotywowani wygran\u0105 uczestnicy i ich rodzice ju\u017c planuj\u0105 przysz\u0142oroczne wyst\u0119py.<\/div>\n<div><\/div>\n<div>Miejsce III zaj\u0119\u0142a Polska Szko\u0142a w Oss, wyst\u0119puj\u0105ca na Wierszowisku po raz sz\u00f3sty. By\u0142a to najliczniejsza, bo a\u017c 20- osobowa grupa. Ogromne gratulacje dla re\u017cysera i os\u00f3b przygotowuj\u0105cych dzieci do wyst\u0119pu bo na pewno nie by\u0142o to \u0142atwe zadanie przy tak licznej grupie.<\/div>\n<div><\/div>\n<div>Nagrod\u0119 specjaln\u0105, Puchar Konsula RP w Hadze, pani konsul Ma\u0142gorzata Pacek wr\u0119czy\u0142a Polskiej Szkole w Tilburgu, kt\u00f3ra zaprezentowa\u0142a nam przedstawienie wg autorskiego scenariusza pt. &#8220;Pewnego razu, nie tak dawno temu&#8230;&#8221; Tilburg reprezentowa\u0142o a\u017c 19 uczestnik\u00f3w i by\u0142o to przedstawienie z najbardziej \u017cyw\u0105 akcj\u0105, wieloma rekwizytami, dekoracjami, strojami i charakterystycznymi postaciami.<\/div>\n<div><\/div>\n<div>Jurorzy nie mieli \u0142atwego zadania w tym roku, tym bardziej, \u017ce Wierszowisko to dla nich ca\u0142y dzie\u0144 skupienia, oceniania, por\u00f3wnywania. Przewodnicz\u0105cym jury by\u0142 go\u015b\u0107 z Polski, \u00a0pan Jerzy Fedorowicz, aktor, re\u017cyser, senator. Odwiedzi\u0142 nas po raz pierwszy, ale mamy nadziej\u0119, \u017ce nie po raz ostatni bo by\u0142 \u00a0otwarty, bezpo\u015bredni, mia\u0142 wspania\u0142y kontakt z dzie\u0107mi i szczerze cieszy\u0142 si\u0119 razem z uczestnikami atmosfer\u0105 Wierszowiska. Tradycyjnie ju\u017c jurorem Wierszowiska jest konsul RP w Hadze, w tym roku po raz 4 i pewnie ostatni z powodu up\u0142ywaj\u0105cej kadencji, w jury zasiada\u0142a pani Konsul Ma\u0142gorzata Pacek. Po raz pierwszy go\u015bcili\u015bmy na Wierszowisku pani\u0105 El\u017cbiet\u0119 Niemczuk- Weiss z sekcji Polskiej Levende Talen oraz pani\u0105 Mart\u0119 Bujanowicz-Widersk\u0105 z Fundacji Medea. Pani Natalia Schroten jurorem by\u0142a r\u00f3wnie\u017c po raz pierwszy, ale ju\u017c wcze\u015bniej wsp\u00f3\u0142pracowa\u0142a przy Wierszowisku m.in. prezentuj\u0105c uczestnik\u00f3w na festiwalu kilka lat temu. Po raz kolejny jurorem byli tak\u017ce pisarka pani Agnieszka Steur oraz pan Waldemar Pankiv z PNKV.<\/div>\n<div><\/div>\n<div>Tegoroczne Wierszowisko uroczy\u015bcie otworzy\u0142\u00a0go\u015b\u0107 specjalny Pan Ambasador Jan Borkowski, kt\u00f3ry pi\u0119knie powiedzia\u0142, \u017ce ostatnie kilkana\u015bcie lat w Holandii to coraz cieplejsze zimy, coraz mniej okazji do je\u017cd\u017cenia na \u0142y\u017cwach po kana\u0142ach, ale te\u017c od 16 lat co roku na wiosn\u0119, trwale i bez zak\u0142\u00f3ce\u0144 \u015bwieci wierszowiskowe s\u0142oneczko ! Niech grzeje Poloni\u0119 holendersk\u0105 jak najmocniej, niech dodaje blasku naszym polonijnym dzieciom!<\/div>\n<div><\/div>\n<div>Dzi\u0119kujemy wszystkim za ten pi\u0119kny dzie\u0144! Uczestnikom za pi\u0119kne wyst\u0119py, rodzicom i nauczycielom za przygotowanie dzieci, publiczno\u015bci za obecno\u015b\u0107, jurorom za ca\u0142odniow\u0105 prac\u0119 i trudne wybory, darczy\u0144com za finansowe wsparcie, mediom za dobre s\u0142owo, go\u015bciom za przybycie oraz naszym wspania\u0142ym wolontariuszom, fotografom i prowadz\u0105cym za ich prac\u0119! Wierszowisko 2016 przechodzi do historii.\u00a0Mamy nadziej\u0119, \u017ce pi\u0119knej!<\/div>\n<div><\/div>\n<\/div>\n<div>Foto Gosia Lubbers<\/div>\n<\/div>\n<div><\/div>\n<div><a href=\"https:\/\/www.facebook.com\/media\/set\/?set=a.1039265092782377.1073741839.264130666962494&amp;type=3\" target=\"_blank\">Zapraszamy do obejrzenia pierwszych zdje\u0107<\/a><\/div>\n","protected":false},"excerpt":{"rendered":"<\/p>\n<p>Przewodnicz\u0105ca Forum Agnieszka Lonska pisze:<\/p>\n<p> &#8220;Zielono mi&#8221; czyli XVI Festiwal Poezji dla Dzieci Wierszowisko 2016 Zazieleni\u0142o si\u0119 w Wijchen w niedziel\u0119. Zielone ludki, \u017cuczki, ufoluduki, Matki Natury, le\u015bne stworki, Zielone Kapturki, Panie Wiosny, groszek zielony i wiele innych malowniczo przebranych postaci pojawi\u0142o si\u0119 na scenie. By\u0142a poezja weso\u0142a, ale te\u017c powa\u017cna, chwile wzruszenia i [&#8230;]<\/p>\n","protected":false},"author":1,"featured_media":2766,"comment_status":"closed","ping_status":"open","sticky":false,"template":"","format":"standard","meta":{"ngg_post_thumbnail":0,"spay_email":"","jetpack_publicize_message":"","jetpack_is_tweetstorm":false,"jetpack_publicize_feature_enabled":true},"categories":[40,39],"tags":[],"jetpack_featured_media_url":"https:\/\/i0.wp.com\/www.wierszowisko.com\/wp-content\/uploads\/IMG_7816.jpg?fit=2624%2C1760&ssl=1","_links":{"self":[{"href":"https:\/\/www.wierszowisko.com\/index.php?rest_route=\/wp\/v2\/posts\/2753"}],"collection":[{"href":"https:\/\/www.wierszowisko.com\/index.php?rest_route=\/wp\/v2\/posts"}],"about":[{"href":"https:\/\/www.wierszowisko.com\/index.php?rest_route=\/wp\/v2\/types\/post"}],"author":[{"embeddable":true,"href":"https:\/\/www.wierszowisko.com\/index.php?rest_route=\/wp\/v2\/users\/1"}],"replies":[{"embeddable":true,"href":"https:\/\/www.wierszowisko.com\/index.php?rest_route=%2Fwp%2Fv2%2Fcomments&post=2753"}],"version-history":[{"count":12,"href":"https:\/\/www.wierszowisko.com\/index.php?rest_route=\/wp\/v2\/posts\/2753\/revisions"}],"predecessor-version":[{"id":2773,"href":"https:\/\/www.wierszowisko.com\/index.php?rest_route=\/wp\/v2\/posts\/2753\/revisions\/2773"}],"wp:featuredmedia":[{"embeddable":true,"href":"https:\/\/www.wierszowisko.com\/index.php?rest_route=\/wp\/v2\/media\/2766"}],"wp:attachment":[{"href":"https:\/\/www.wierszowisko.com\/index.php?rest_route=%2Fwp%2Fv2%2Fmedia&parent=2753"}],"wp:term":[{"taxonomy":"category","embeddable":true,"href":"https:\/\/www.wierszowisko.com\/index.php?rest_route=%2Fwp%2Fv2%2Fcategories&post=2753"},{"taxonomy":"post_tag","embeddable":true,"href":"https:\/\/www.wierszowisko.com\/index.php?rest_route=%2Fwp%2Fv2%2Ftags&post=2753"}],"curies":[{"name":"wp","href":"https:\/\/api.w.org\/{rel}","templated":true}]}}