{"id":2740,"date":"2016-03-14T15:49:40","date_gmt":"2016-03-14T15:49:40","guid":{"rendered":"http:\/\/www.wierszowisko.com\/?p=2740"},"modified":"2016-03-16T18:28:50","modified_gmt":"2016-03-16T18:28:50","slug":"wyniki-wierszowiska-2016","status":"publish","type":"post","link":"https:\/\/www.wierszowisko.com\/?p=2740","title":{"rendered":"Wyniki Wierszowiska 2016"},"content":{"rendered":"<p><span style=\"color: #000000;\"><strong><img loading=\"lazy\" class=\"alignnone wp-image-2744\" src=\"https:\/\/i0.wp.com\/www.wierszowisko.com\/wp-content\/uploads\/puchary-300x188.jpg?resize=396%2C248\" alt=\"puchary\" width=\"396\" height=\"248\" srcset=\"https:\/\/i0.wp.com\/www.wierszowisko.com\/wp-content\/uploads\/puchary.jpg?resize=300%2C188&amp;ssl=1 300w, https:\/\/i0.wp.com\/www.wierszowisko.com\/wp-content\/uploads\/puchary.jpg?resize=768%2C482&amp;ssl=1 768w, https:\/\/i0.wp.com\/www.wierszowisko.com\/wp-content\/uploads\/puchary.jpg?resize=1024%2C643&amp;ssl=1 1024w, https:\/\/i0.wp.com\/www.wierszowisko.com\/wp-content\/uploads\/puchary.jpg?resize=150%2C94&amp;ssl=1 150w, https:\/\/i0.wp.com\/www.wierszowisko.com\/wp-content\/uploads\/puchary.jpg?resize=400%2C251&amp;ssl=1 400w, https:\/\/i0.wp.com\/www.wierszowisko.com\/wp-content\/uploads\/puchary.jpg?w=1280&amp;ssl=1 1280w, https:\/\/i0.wp.com\/www.wierszowisko.com\/wp-content\/uploads\/puchary.jpg?w=1920&amp;ssl=1 1920w\" sizes=\"(max-width: 396px) 100vw, 396px\" data-recalc-dims=\"1\" \/>\u00a0<img loading=\"lazy\" class=\"alignnone wp-image-2751\" src=\"https:\/\/i0.wp.com\/www.wierszowisko.com\/wp-content\/uploads\/Puchar-Wierszowiska-169x300.jpg?resize=141%2C250\" alt=\"Puchar Wierszowiska\" width=\"141\" height=\"250\" srcset=\"https:\/\/i0.wp.com\/www.wierszowisko.com\/wp-content\/uploads\/Puchar-Wierszowiska.jpg?resize=169%2C300&amp;ssl=1 169w, https:\/\/i0.wp.com\/www.wierszowisko.com\/wp-content\/uploads\/Puchar-Wierszowiska.jpg?resize=768%2C1365&amp;ssl=1 768w, https:\/\/i0.wp.com\/www.wierszowisko.com\/wp-content\/uploads\/Puchar-Wierszowiska.jpg?resize=576%2C1024&amp;ssl=1 576w, https:\/\/i0.wp.com\/www.wierszowisko.com\/wp-content\/uploads\/Puchar-Wierszowiska.jpg?resize=84%2C150&amp;ssl=1 84w, https:\/\/i0.wp.com\/www.wierszowisko.com\/wp-content\/uploads\/Puchar-Wierszowiska.jpg?resize=400%2C711&amp;ssl=1 400w, https:\/\/i0.wp.com\/www.wierszowisko.com\/wp-content\/uploads\/Puchar-Wierszowiska.jpg?w=1280&amp;ssl=1 1280w, https:\/\/i0.wp.com\/www.wierszowisko.com\/wp-content\/uploads\/Puchar-Wierszowiska.jpg?w=1920&amp;ssl=1 1920w\" sizes=\"(max-width: 141px) 100vw, 141px\" data-recalc-dims=\"1\" \/><\/strong><\/span><\/p>\n<p><span style=\"color: #000000;\"><strong>Wyniki Wierszowiska 2016<\/strong><\/span><\/p>\n<p>&nbsp;<\/p>\n<p><strong>Wyst\u0119py indywidualne:<\/strong><\/p>\n<p><strong>Kategoria wiekowa 4-6 lat<\/strong><\/p>\n<p>&nbsp;<\/p>\n<p><strong>1 miejsce ex aequo:<\/strong><\/p>\n<p><span style=\"color: #008000;\"><strong>Kevin Zwoi\u0144ski<\/strong> <\/span>6 lat,\u00a0\u00a0Polska Szko\u0142a w Oss , \u00a0\u201eB\u0105k i str\u0105k\u201d Urszuly Koz\u0142owskiej oraz<\/p>\n<p><span style=\"color: #008000;\"><strong>Bart\u0142omiej Bru\u015b<\/strong><\/span> 6 lat, Polska Szko\u0142a Tilburg,\u00a0\u00a0\u201eZielono mi\u201d Agnieszka Fr\u0105czek<\/p>\n<p><strong>2 miejsce<\/strong><\/p>\n<p><span style=\"color: #008000;\"><strong>Julia Lonska<\/strong><\/span> 6 lat, Polska Szko\u0142a w Oss,\u00a0\u201eNa smutki..\u201d Agnieszka Fr\u0105czek<\/p>\n<p><strong>3 miejsce ex eaquo:<\/strong><\/p>\n<p><span style=\"color: #008000;\"><strong>Nathan Tru\u015b<\/strong> <\/span>4 lata, Polska Szko\u0142a w Tilburgu, \u201e\u017buczek i \u017cabki\u201d, Hanna O\u017cogowska,<\/p>\n<p><span style=\"color: #008000;\"><strong>Zuzanna Kaczmarek<\/strong><\/span> 5 lat Polska Szko\u0142a Haga,\u00a0\u201eW ogr\u00f3dku\u201d, Dorota Gellner<\/p>\n<p><strong>wyr\u00f3\u017cnienie:<\/strong><\/p>\n<p><strong><span style=\"color: #008000;\">Oliwier Weijers<\/span>\u00a0<\/strong>5 lat, Polska Szko\u0142a Nijmegen, \u00a0\u201eO Boboku&#8221; Aneta Noworyta<\/p>\n<p><span style=\"color: #008000;\"><strong>Patricia Wolny\u00a0<\/strong><\/span>4 lata, Polska Szko\u0142a Haga, \u00a0\u201eJak to dobrze by\u0107 dziewczynk\u0105\u201d Katarzyna\u00a0 Kowalska<\/p>\n<p>&nbsp;<\/p>\n<p><strong>Kategoria wiekowa 7-9 lat<\/strong><\/p>\n<p><strong>1 miejsce<\/strong><\/p>\n<p><span style=\"color: #008000;\"><strong>Klara Cyrys<\/strong><\/span>, 9 lat Polska Szko\u0142a w Oss,\u00a0\u201eW\u0119dr\u00f3wka\u201d Danuta Wawi\u0142ow<\/p>\n<p><strong>2 miejsce ex eaquo<\/strong><\/p>\n<p><span style=\"color: #008000;\"><strong>Oskar van den Haagen<\/strong> <span style=\"color: #000000;\">8 lat,\u00a0<\/span><\/span>Polska Szko\u0142a Amsterdam,\u00a0\u201cCzarna krowa\u201d \u00a0K. \u0141ochocka<\/p>\n<p><strong><span style=\"color: #008000;\">Aemke Fennema<\/span><\/strong>\u00a07 lat, Polska Szko\u0142a Lokomotywa Amsterdam,\u00a0&#8220;Zielona ciuchcia&#8221; \u00a0Natalia Usenko<\/p>\n<p><strong>3 miejsce<\/strong><\/p>\n<p><span style=\"color: #008000;\"><strong>Oliwia Obadowska<\/strong><\/span>, 8 lat, Polska Szko\u0142a w Oss,\u00a0\u201eS\u0142o\u0144 Tr\u0105balski\u201d Julian Tuwim,<\/p>\n<p>&nbsp;<\/p>\n<p><strong>Kategoria wiekowa 10-13 lat<\/strong><\/p>\n<p><strong>1 miejsce<\/strong><\/p>\n<p><span style=\"color: #008000;\"><strong>Klaudia Przybylska<\/strong><\/span>, 11 lat, Polska Szko\u0142a Tilburg,\u00a0\u201ePan Zielonka\u201d, Maria Konopnicka<\/p>\n<p><strong>2 miejsce<\/strong><\/p>\n<p><strong><span style=\"color: #008000;\">Basia Walorska<\/span><\/strong>, 10 lat, Polska Szko\u0142a w Oss,\u00a0fragment \u201ePan Tadeusz\u201d , Adam Mickiewicz<\/p>\n<p><strong>3 miejsce<\/strong><\/p>\n<p><strong><span style=\"color: #008000;\">Zosia Fennema<\/span><\/strong>, 11 lat, Polska Szko\u0142a Lokomotywa Amsterdam,\u00a0&#8220;Owsianka&#8221; Natalia Usenko<\/p>\n<p>&nbsp;<\/p>\n<p><strong>Kategoria grupowa<\/strong><\/p>\n<p><strong>1 miejsce \u00a0oraz puchar Wierszowiska\u00a0<span style=\"color: #008000;\">Polska Szko\u0142a Lokomotywa Amsterdam<\/span><\/strong><\/p>\n<p><strong><em>Tytu\u0142 przedstawienia: &#8220;Zielone Kapturki i wilk&#8221; na\u00a0podstawie \u201eZabawy w teatr\u201d Zofii W\u00f3jcik<\/em><\/strong><\/p>\n<p><strong><em>Re\u017cyser\/ osoba lub osoby przygotowuj\u0105ce wyst\u0119p:\u00a0\u00a0Agata Jankowska oraz Gabriela Greszta<\/em><\/strong><\/p>\n<p><strong>2 miejsce <span style=\"color: #008000;\">Polska Szko\u0142a Kreda Lisse<\/span><\/strong><\/p>\n<p><strong><em>Tytul przedstawienia: Wycieczka, W.Sciskowski<\/em><\/strong><\/p>\n<p><strong><em>Re\u017cyser\/ osoba lub osoby przygotowuj\u0105ce wyst\u0119p: Agnieszka Mazur<\/em><\/strong><\/p>\n<p><strong>3 miejsce <span style=\"color: #008000;\">Polska Szko\u0142a Oss<\/span><\/strong><\/p>\n<p><strong>Tytu\u0142 przedstawienia:\u00a0\u00a0\u201eGra w zielone\u201d z wykorzystaniem wierszy nast\u0119puj\u0105cych autor\u00f3w: Cezary Domagala, Marek Gaszy\u0144ski, Jerzy Ficowski, Gabriela Skrzypczak, Bozena Forma, Jerzy Bielunas, Marek Dutkiewicz, Magdalena Czapi\u0144ska<\/strong><\/p>\n<p><strong>Scenariusz: Beata Jurczak, Magdalena Obadowska, Agnieszka Lonska<\/strong><\/p>\n<p>&nbsp;<\/p>\n<p><strong>Nagroda specjalna:<\/strong><\/p>\n<p>Puchar Konsula RP w Hadze:<i><strong>\u00a0<\/strong><\/i><\/p>\n<p><strong>Polska Szko\u0142a w Tilburgu za\u00a0<\/strong><i><strong>przedstawienie &#8220;Pewnego razu nie tak dawno temu&#8230;&#8221; scenariusz Justyna van Halteren Bogucka z wykorzystaniem fragment\u00f3w wierszy Haliny Szayerowej, Marii Konopnickiej,Haliny Por\u0119bskiej, Wandy Chotomskiej, Andrzeja Kudelskiego<\/strong><\/i><\/p>\n<p>Puchar najm\u0142odszego uczestnika otrzyma\u0142<\/p>\n<p><strong><span style=\"color: #008000;\">Nathan Tru\u015b<\/span><\/strong>, 4 lata \u00a0Polska Szko\u0142a Tilburg<\/p>\n<p>Nagrod\u0119 dla najstarszego uczestnika : warsztaty teatralne ufundowa\u0142a Scena Polska w Holandii<\/p>\n<p><span style=\"color: #008000;\"><strong>Ada\u00a0van den Haagen\u00a0<\/strong><span style=\"color: #000000;\">13 lat Polska Szko\u0142a Lokomotywa Amsterdam<\/span><\/span><\/p>\n<p>&nbsp;<\/p>\n<p>Wszystkim laureatom serdecznie gratulujemy!<\/p>\n","protected":false},"excerpt":{"rendered":"<\/p>\n<p>Wyniki Wierszowiska 2016<\/p>\n<p>&nbsp;<\/p>\n<p>Wyst\u0119py indywidualne:<\/p>\n<p>Kategoria wiekowa 4-6 lat<\/p>\n<p>&nbsp;<\/p>\n<p>1 miejsce ex aequo:<\/p>\n<p>Kevin Zwoi\u0144ski 6 lat, Polska Szko\u0142a w Oss , \u201eB\u0105k i str\u0105k\u201d Urszuly Koz\u0142owskiej oraz<\/p>\n<p>Bart\u0142omiej Bru\u015b 6 lat, Polska Szko\u0142a Tilburg, \u201eZielono mi\u201d Agnieszka Fr\u0105czek<\/p>\n<p>2 miejsce<\/p>\n<p>Julia Lonska 6 lat, Polska Szko\u0142a w Oss, \u201eNa smutki..\u201d [&#8230;]<\/p>\n","protected":false},"author":1,"featured_media":2744,"comment_status":"closed","ping_status":"open","sticky":false,"template":"","format":"standard","meta":{"ngg_post_thumbnail":0,"spay_email":"","jetpack_publicize_message":"","jetpack_is_tweetstorm":false,"jetpack_publicize_feature_enabled":true},"categories":[40,17,39],"tags":[],"jetpack_featured_media_url":"https:\/\/i0.wp.com\/www.wierszowisko.com\/wp-content\/uploads\/puchary.jpg?fit=4514%2C2833&ssl=1","_links":{"self":[{"href":"https:\/\/www.wierszowisko.com\/index.php?rest_route=\/wp\/v2\/posts\/2740"}],"collection":[{"href":"https:\/\/www.wierszowisko.com\/index.php?rest_route=\/wp\/v2\/posts"}],"about":[{"href":"https:\/\/www.wierszowisko.com\/index.php?rest_route=\/wp\/v2\/types\/post"}],"author":[{"embeddable":true,"href":"https:\/\/www.wierszowisko.com\/index.php?rest_route=\/wp\/v2\/users\/1"}],"replies":[{"embeddable":true,"href":"https:\/\/www.wierszowisko.com\/index.php?rest_route=%2Fwp%2Fv2%2Fcomments&post=2740"}],"version-history":[{"count":13,"href":"https:\/\/www.wierszowisko.com\/index.php?rest_route=\/wp\/v2\/posts\/2740\/revisions"}],"predecessor-version":[{"id":2771,"href":"https:\/\/www.wierszowisko.com\/index.php?rest_route=\/wp\/v2\/posts\/2740\/revisions\/2771"}],"wp:featuredmedia":[{"embeddable":true,"href":"https:\/\/www.wierszowisko.com\/index.php?rest_route=\/wp\/v2\/media\/2744"}],"wp:attachment":[{"href":"https:\/\/www.wierszowisko.com\/index.php?rest_route=%2Fwp%2Fv2%2Fmedia&parent=2740"}],"wp:term":[{"taxonomy":"category","embeddable":true,"href":"https:\/\/www.wierszowisko.com\/index.php?rest_route=%2Fwp%2Fv2%2Fcategories&post=2740"},{"taxonomy":"post_tag","embeddable":true,"href":"https:\/\/www.wierszowisko.com\/index.php?rest_route=%2Fwp%2Fv2%2Ftags&post=2740"}],"curies":[{"name":"wp","href":"https:\/\/api.w.org\/{rel}","templated":true}]}}