{"id":2706,"date":"2016-03-06T21:42:29","date_gmt":"2016-03-06T21:42:29","guid":{"rendered":"http:\/\/www.wierszowisko.com\/?p=2706"},"modified":"2016-03-09T11:01:24","modified_gmt":"2016-03-09T11:01:24","slug":"program-dnia","status":"publish","type":"post","link":"https:\/\/www.wierszowisko.com\/?p=2706","title":{"rendered":"Program dnia"},"content":{"rendered":"<p><img loading=\"lazy\" class=\"alignnone wp-image-2704\" src=\"https:\/\/i0.wp.com\/www.wierszowisko.com\/wp-content\/uploads\/plakat-z-patronami-1-213x300.jpg?resize=245%2C345\" alt=\"plakat z patronami\" width=\"245\" height=\"345\" srcset=\"https:\/\/i0.wp.com\/www.wierszowisko.com\/wp-content\/uploads\/plakat-z-patronami-1.jpg?resize=213%2C300&amp;ssl=1 213w, https:\/\/i0.wp.com\/www.wierszowisko.com\/wp-content\/uploads\/plakat-z-patronami-1.jpg?resize=107%2C150&amp;ssl=1 107w, https:\/\/i0.wp.com\/www.wierszowisko.com\/wp-content\/uploads\/plakat-z-patronami-1.jpg?resize=400%2C563&amp;ssl=1 400w, https:\/\/i0.wp.com\/www.wierszowisko.com\/wp-content\/uploads\/plakat-z-patronami-1.jpg?w=710&amp;ssl=1 710w\" sizes=\"(max-width: 245px) 100vw, 245px\" data-recalc-dims=\"1\" \/><\/p>\n<p><strong>13 marca 2016 theatr &#8216;t Moza\u00efek, Campuslaan 6, Wijchen<\/strong><\/p>\n<p>&nbsp;<\/p>\n<p><strong><u>Program dnia \/ Programma<\/u><\/strong><\/p>\n<table style=\"height: 327px;\" width=\"1222\">\n<tbody>\n<tr>\n<td>\u00a011.00 Otwarcie wystawy prac plastycznych \u00a0w foyer teatru<\/td>\n<td>\u00a011.00 Opening van de tentoonstelling van de Wierszowisko \u00a0tekenwedstrijd in foyer<\/td>\n<\/tr>\n<tr>\n<td>\u00a011.30 Uroczyste rozpocz\u0119cie XVI Wierszowiska<\/td>\n<td>\u00a011.30 Feestelijke opening van de XVI Wierszowisko<\/td>\n<\/tr>\n<tr>\n<td>\u00a011.45 Wyst\u0119py indywidualne<\/td>\n<td>\u00a011.45 Indywiduele optreden<\/td>\n<\/tr>\n<tr>\n<td>\u00a014.00 Wr\u0119czenie nagr\u00f3d w konkursie plastycznym<\/td>\n<td>\u00a014.00 Prijzenuitreiking van tekenwedstrijd<\/td>\n<\/tr>\n<tr>\n<td>\u00a0Przerwa<\/td>\n<td>\u00a0\u00a0Pauze<\/td>\n<\/tr>\n<tr>\n<td>\u00a014.30 Wyst\u0119py grupowe 7 szk\u00f3\u0142<\/td>\n<td>\u00a0\u00a014.30 Groepsvoorstellingen van 7 scholen<\/td>\n<\/tr>\n<tr>\n<td>\u00a016.00 Rozstrzygni\u0119cie Quizu Wierszowiska oraz Loterii Fantowej<\/td>\n<td>\u00a016.00 Uitslagen van de Wierszowisko Quiz en loterij<\/td>\n<\/tr>\n<tr>\n<td>\u00a016.30 Og\u0142oszenie wynik\u00f3w Wierszowiska<\/td>\n<td>\u00a016.30 Prijzenuitreiking<\/td>\n<\/tr>\n<tr>\n<td>\u00a017.00 Zako\u0144czenie Festiwalu<\/td>\n<td>\u00a017.00 Afsluiting van de Festival<\/td>\n<\/tr>\n<\/tbody>\n<\/table>\n<p>&nbsp;<\/p>\n<p><strong><u>Prezentatorzy programu \/ Prezentatoren<\/u><\/strong><\/p>\n<p>Magdalena Kaloci\u0144ska-Duijnhouwer<\/p>\n<p>David Kiszkiel<\/p>\n<p>&nbsp;<\/p>\n<p><strong>Jury<\/strong><\/p>\n","protected":false},"excerpt":{"rendered":"<\/p>\n<p>13 marca 2016 theatr &#8216;t Moza\u00efek, Campuslaan 6, Wijchen<\/p>\n<p>&nbsp;<\/p>\n<p>Program dnia \/ Programma<\/p>\n<p> 11.00 Otwarcie wystawy prac plastycznych w foyer teatru 11.00 Opening van de tentoonstelling van de Wierszowisko tekenwedstrijd in foyer 11.30 Uroczyste rozpocz\u0119cie XVI Wierszowiska 11.30 Feestelijke opening van de XVI Wierszowisko 11.45 Wyst\u0119py indywidualne 11.45 Indywiduele optreden 14.00 Wr\u0119czenie nagr\u00f3d [&#8230;]<\/p>\n","protected":false},"author":1,"featured_media":2634,"comment_status":"closed","ping_status":"open","sticky":false,"template":"","format":"standard","meta":{"ngg_post_thumbnail":0,"spay_email":"","jetpack_publicize_message":"","jetpack_is_tweetstorm":false,"jetpack_publicize_feature_enabled":true},"categories":[40,17,39],"tags":[],"jetpack_featured_media_url":"https:\/\/i0.wp.com\/www.wierszowisko.com\/wp-content\/uploads\/plakat-z-patronami.jpg?fit=710%2C1000&ssl=1","_links":{"self":[{"href":"https:\/\/www.wierszowisko.com\/index.php?rest_route=\/wp\/v2\/posts\/2706"}],"collection":[{"href":"https:\/\/www.wierszowisko.com\/index.php?rest_route=\/wp\/v2\/posts"}],"about":[{"href":"https:\/\/www.wierszowisko.com\/index.php?rest_route=\/wp\/v2\/types\/post"}],"author":[{"embeddable":true,"href":"https:\/\/www.wierszowisko.com\/index.php?rest_route=\/wp\/v2\/users\/1"}],"replies":[{"embeddable":true,"href":"https:\/\/www.wierszowisko.com\/index.php?rest_route=%2Fwp%2Fv2%2Fcomments&post=2706"}],"version-history":[{"count":7,"href":"https:\/\/www.wierszowisko.com\/index.php?rest_route=\/wp\/v2\/posts\/2706\/revisions"}],"predecessor-version":[{"id":2723,"href":"https:\/\/www.wierszowisko.com\/index.php?rest_route=\/wp\/v2\/posts\/2706\/revisions\/2723"}],"wp:featuredmedia":[{"embeddable":true,"href":"https:\/\/www.wierszowisko.com\/index.php?rest_route=\/wp\/v2\/media\/2634"}],"wp:attachment":[{"href":"https:\/\/www.wierszowisko.com\/index.php?rest_route=%2Fwp%2Fv2%2Fmedia&parent=2706"}],"wp:term":[{"taxonomy":"category","embeddable":true,"href":"https:\/\/www.wierszowisko.com\/index.php?rest_route=%2Fwp%2Fv2%2Fcategories&post=2706"},{"taxonomy":"post_tag","embeddable":true,"href":"https:\/\/www.wierszowisko.com\/index.php?rest_route=%2Fwp%2Fv2%2Ftags&post=2706"}],"curies":[{"name":"wp","href":"https:\/\/api.w.org\/{rel}","templated":true}]}}