{"id":2466,"date":"2015-03-17T10:42:21","date_gmt":"2015-03-17T10:42:21","guid":{"rendered":"http:\/\/www.wierszowisko.com\/?p=2466"},"modified":"2015-03-17T10:42:52","modified_gmt":"2015-03-17T10:42:52","slug":"list-od-anny-komorowskiej","status":"publish","type":"post","link":"https:\/\/www.wierszowisko.com\/?p=2466","title":{"rendered":"list od Anny Komorowskiej"},"content":{"rendered":"<p style=\"text-align: right;\"><a href=\"https:\/\/i0.wp.com\/www.wierszowisko.com\/wp-content\/uploads\/Komorowska_list.jpg\"><img loading=\"lazy\" class=\" size-medium wp-image-2467 alignleft\" src=\"https:\/\/i0.wp.com\/www.wierszowisko.com\/wp-content\/uploads\/Komorowska_list-212x300.jpg?resize=212%2C300\" alt=\"Komorowska_list\" width=\"212\" height=\"300\" srcset=\"https:\/\/i0.wp.com\/www.wierszowisko.com\/wp-content\/uploads\/Komorowska_list.jpg?resize=212%2C300&amp;ssl=1 212w, https:\/\/i0.wp.com\/www.wierszowisko.com\/wp-content\/uploads\/Komorowska_list.jpg?resize=724%2C1024&amp;ssl=1 724w, https:\/\/i0.wp.com\/www.wierszowisko.com\/wp-content\/uploads\/Komorowska_list.jpg?resize=106%2C150&amp;ssl=1 106w, https:\/\/i0.wp.com\/www.wierszowisko.com\/wp-content\/uploads\/Komorowska_list.jpg?resize=400%2C566&amp;ssl=1 400w, https:\/\/i0.wp.com\/www.wierszowisko.com\/wp-content\/uploads\/Komorowska_list.jpg?w=1240&amp;ssl=1 1240w\" sizes=\"(max-width: 212px) 100vw, 212px\" data-recalc-dims=\"1\" \/><\/a>Warszawa, 26 stycznia 2015 r.<\/p>\n<p style=\"text-align: left; padding-left: 180px;\">Do Uczestnik\u00f3w<br \/>\nXV Festiwalu Polskiej<br \/>\nPoezji dla Dzieci<br \/>\nWierszowisko 2015<\/p>\n<p>Serdecznie gratuluj\u0119 15-lecia Festiwalu Polskiej Poezji dla Dzieci Wierszowisko.<\/p>\n<p>Ciesz\u0119 si\u0119 bardzo, \u017ce dzi\u0119ki Festiwalowi co roku spotykaj\u0105 si\u0119 na scenie dzieci z polskich szk\u00f3\u0142 w Holandii, by przedstawi\u0107 swoje umiej\u0119tno\u015bci recytatorskie i w\u0142asne interpretacje polskiej poezji dzieci\u0119cej, na kt\u00f3rej wychowywa\u0142y si\u0119 i nadal wychowuj\u0105 kolejne pokolenia Polak\u00f3w. Jest to wspania\u0142y spos\u00f3b na \u0142atwiejsze i przyjemniejsze ni\u017c szkolne przyswajanie polskich s\u0142\u00f3w, ich wymowy, a tak\u017ce melodii i rytmu naszego j\u0119zyka. Ogromna w tym zas\u0142uga inicjator\u00f3w i organizator\u00f3w Festiwalu, ich niegasn\u0105cego entuzjazmu, by kontynuowa\u0107 t\u0119 oryginaln\u0105 i niezwykle cenn\u0105 inicjatyw\u0119.<\/p>\n<p>Gor\u0105co pozdrawiam wszystkich Pa\u0144stwa i \u017cycz\u0119 wspania\u0142ych wra\u017ce\u0144 podczas tegorocznego spotkania, a m\u0142odym artystom lekkiej nauki j\u0119zyka polskiego zamkni\u0119tego w form\u0119 wiersza. Jestem pewna, \u017ce Festiwal b\u0119dzie \u017cy\u0142 i doskonale si\u0119 rozwija\u0142 przy zaanga\u017cowaniu jego tw\u00f3rc\u00f3w i zawsze wiernych uczestnik\u00f3w.<\/p>\n<p style=\"text-align: right;\">Anna Komorowska<\/p>\n","protected":false},"excerpt":{"rendered":"<p style=\"text-align: right;\">Warszawa, 26 stycznia 2015 r.<\/p>\n<p style=\"text-align: left; padding-left: 180px;\">Do Uczestnik\u00f3w XV Festiwalu Polskiej Poezji dla Dzieci Wierszowisko 2015<\/p>\n<p>Serdecznie gratuluj\u0119 15-lecia Festiwalu Polskiej Poezji dla Dzieci Wierszowisko.<\/p>\n<p>Ciesz\u0119 si\u0119 bardzo, \u017ce dzi\u0119ki Festiwalowi co roku spotykaj\u0105 si\u0119 na scenie dzieci z polskich szk\u00f3\u0142 w Holandii, by przedstawi\u0107 swoje umiej\u0119tno\u015bci recytatorskie i w\u0142asne [&#8230;]<\/p>\n","protected":false},"author":1,"featured_media":0,"comment_status":"closed","ping_status":"open","sticky":false,"template":"","format":"standard","meta":{"ngg_post_thumbnail":0,"spay_email":"","jetpack_publicize_message":"","jetpack_is_tweetstorm":false,"jetpack_publicize_feature_enabled":true},"categories":[15,18],"tags":[],"jetpack_featured_media_url":"","_links":{"self":[{"href":"https:\/\/www.wierszowisko.com\/index.php?rest_route=\/wp\/v2\/posts\/2466"}],"collection":[{"href":"https:\/\/www.wierszowisko.com\/index.php?rest_route=\/wp\/v2\/posts"}],"about":[{"href":"https:\/\/www.wierszowisko.com\/index.php?rest_route=\/wp\/v2\/types\/post"}],"author":[{"embeddable":true,"href":"https:\/\/www.wierszowisko.com\/index.php?rest_route=\/wp\/v2\/users\/1"}],"replies":[{"embeddable":true,"href":"https:\/\/www.wierszowisko.com\/index.php?rest_route=%2Fwp%2Fv2%2Fcomments&post=2466"}],"version-history":[{"count":2,"href":"https:\/\/www.wierszowisko.com\/index.php?rest_route=\/wp\/v2\/posts\/2466\/revisions"}],"predecessor-version":[{"id":2469,"href":"https:\/\/www.wierszowisko.com\/index.php?rest_route=\/wp\/v2\/posts\/2466\/revisions\/2469"}],"wp:attachment":[{"href":"https:\/\/www.wierszowisko.com\/index.php?rest_route=%2Fwp%2Fv2%2Fmedia&parent=2466"}],"wp:term":[{"taxonomy":"category","embeddable":true,"href":"https:\/\/www.wierszowisko.com\/index.php?rest_route=%2Fwp%2Fv2%2Fcategories&post=2466"},{"taxonomy":"post_tag","embeddable":true,"href":"https:\/\/www.wierszowisko.com\/index.php?rest_route=%2Fwp%2Fv2%2Ftags&post=2466"}],"curies":[{"name":"wp","href":"https:\/\/api.w.org\/{rel}","templated":true}]}}