{"id":2463,"date":"2015-03-17T10:39:06","date_gmt":"2015-03-17T10:39:06","guid":{"rendered":"http:\/\/www.wierszowisko.com\/?p=2463"},"modified":"2015-03-17T10:39:09","modified_gmt":"2015-03-17T10:39:09","slug":"list-od-ambasadora","status":"publish","type":"post","link":"https:\/\/www.wierszowisko.com\/?p=2463","title":{"rendered":"List od Ambasadora"},"content":{"rendered":"<p><a href=\"https:\/\/i0.wp.com\/www.wierszowisko.com\/wp-content\/uploads\/Ambasador_list.jpg\"><img loading=\"lazy\" class=\" size-medium wp-image-2464 alignleft\" src=\"https:\/\/i0.wp.com\/www.wierszowisko.com\/wp-content\/uploads\/Ambasador_list-212x300.jpg?resize=212%2C300\" alt=\"Ambasador_list\" width=\"212\" height=\"300\" srcset=\"https:\/\/i0.wp.com\/www.wierszowisko.com\/wp-content\/uploads\/Ambasador_list.jpg?resize=212%2C300&amp;ssl=1 212w, https:\/\/i0.wp.com\/www.wierszowisko.com\/wp-content\/uploads\/Ambasador_list.jpg?resize=724%2C1024&amp;ssl=1 724w, https:\/\/i0.wp.com\/www.wierszowisko.com\/wp-content\/uploads\/Ambasador_list.jpg?resize=106%2C150&amp;ssl=1 106w, https:\/\/i0.wp.com\/www.wierszowisko.com\/wp-content\/uploads\/Ambasador_list.jpg?resize=400%2C566&amp;ssl=1 400w, https:\/\/i0.wp.com\/www.wierszowisko.com\/wp-content\/uploads\/Ambasador_list.jpg?w=1240&amp;ssl=1 1240w\" sizes=\"(max-width: 212px) 100vw, 212px\" data-recalc-dims=\"1\" \/><\/a>Szanowni Pa\u0144stwo,<\/p>\n<p>Z okazji wspania\u0142ego jubileuszu l5-lecia Festiwalu Polskiej Poezji dla Dzieci&#8221; Wierszowisko&#8221;<br \/>\nprzesy\u0142am najszczersze gratulacje i wyrazy uznania dla jego wytrwa\u0142ych i ambitnych organizator\u00f3w<br \/>\noraz dzielnych ma\u0142ych aktor\u00f3w.<\/p>\n<p>W codziennym biegu niewiele czasu pozostaje na refleksj\u0119 i podsumowywanie tego, co uda\u0142o<br \/>\nnam si\u0119 dokona\u0107. Jubileusze daj\u0105 nam ku temu pretekst i uzasadnienie. &#8220;Wierszowisko&#8221; wpisa\u0142o si\u0119<br \/>\nna trwa\u0142e w krajobraz kulturalnego \u017cycia holenderskiej Polonii. Jest od wielu lat okazj\u0105 dla polskich<br \/>\ndzieci, kt\u00f3re tu znalaz\u0142y sw\u00f3j sta\u0142y b\u0105d\u017a tymczasowy dom, do zaprezentowania na deskach<br \/>\nprawdziwego teatru w Malden swoich talent\u00f3w i umiej\u0119tno\u015bci, wspartych godzinami ci\u0119\u017ckiej pracy<br \/>\nnad trudnymi czasem do wym\u00f3wienia s\u0142owami. Efekty tej pracy s\u0105 znakomite. Wiersze polskich<br \/>\npoet\u00f3w p\u0142yn\u0105 ze sceny i zapadaj\u0105 w pami\u0119\u0107 ma\u0142ych aktor\u00f3w i wdzi\u0119cznych widz\u00f3w, w\u015br\u00f3d kt\u00f3rych s\u0105<br \/>\nnauczyciele, polscy i holenderscy rodzice, babcie i dziadkowie oraz przyjaciele. To godny najwy\u017cszego<br \/>\nszacunku wysi\u0142e k, podj\u0119ty z my\u015bl\u0105 o krzewieniu znajomo\u015bci j\u0119zyka polskiego i kultury polskiej<br \/>\nw Holandii, a tak\u017ce budowania tu pozytywnego wizerunku naszego kraju.<\/p>\n<p>Z g\u0142\u0119bi serca nauczyciela akademickiego i jednocze\u015bnie Ambasadora Nadzwyczajnego<br \/>\ni Pe\u0142nomocnego w Kr\u00f3lestwie Niderland\u00f3w dzi\u0119kuj\u0119 i \u017cycz\u0119 Pa\u0144stwu dalszych sukces\u00f3w w sferze<br \/>\nedukacji polskiej za granic\u0105, jak r\u00f3wnie\u017c wiele rado\u015bci z tworzenia i uczestniczenia we wspania\u0142ym<br \/>\nwidowisku poetyckim. Niech ka\u017cdy kolejny rok b\u0119dzie kolejnym etapem podr\u00f3\u017cy do polskich serc.<\/p>\n<p style=\"text-align: right;\">Dr Jan Borkowski<br \/>\nAmbasador<\/p>\n","protected":false},"excerpt":{"rendered":"<p>Szanowni Pa\u0144stwo,<\/p>\n<p>Z okazji wspania\u0142ego jubileuszu l5-lecia Festiwalu Polskiej Poezji dla Dzieci&#8221; Wierszowisko&#8221; przesy\u0142am najszczersze gratulacje i wyrazy uznania dla jego wytrwa\u0142ych i ambitnych organizator\u00f3w oraz dzielnych ma\u0142ych aktor\u00f3w.<\/p>\n<p>W codziennym biegu niewiele czasu pozostaje na refleksj\u0119 i podsumowywanie tego, co uda\u0142o nam si\u0119 dokona\u0107. Jubileusze daj\u0105 nam ku temu pretekst i uzasadnienie. &#8220;Wierszowisko&#8221; wpisa\u0142o [&#8230;]<\/p>\n","protected":false},"author":1,"featured_media":0,"comment_status":"closed","ping_status":"open","sticky":false,"template":"","format":"standard","meta":{"ngg_post_thumbnail":0,"spay_email":"","jetpack_publicize_message":"","jetpack_is_tweetstorm":false,"jetpack_publicize_feature_enabled":true},"categories":[15,18],"tags":[],"jetpack_featured_media_url":"","_links":{"self":[{"href":"https:\/\/www.wierszowisko.com\/index.php?rest_route=\/wp\/v2\/posts\/2463"}],"collection":[{"href":"https:\/\/www.wierszowisko.com\/index.php?rest_route=\/wp\/v2\/posts"}],"about":[{"href":"https:\/\/www.wierszowisko.com\/index.php?rest_route=\/wp\/v2\/types\/post"}],"author":[{"embeddable":true,"href":"https:\/\/www.wierszowisko.com\/index.php?rest_route=\/wp\/v2\/users\/1"}],"replies":[{"embeddable":true,"href":"https:\/\/www.wierszowisko.com\/index.php?rest_route=%2Fwp%2Fv2%2Fcomments&post=2463"}],"version-history":[{"count":1,"href":"https:\/\/www.wierszowisko.com\/index.php?rest_route=\/wp\/v2\/posts\/2463\/revisions"}],"predecessor-version":[{"id":2465,"href":"https:\/\/www.wierszowisko.com\/index.php?rest_route=\/wp\/v2\/posts\/2463\/revisions\/2465"}],"wp:attachment":[{"href":"https:\/\/www.wierszowisko.com\/index.php?rest_route=%2Fwp%2Fv2%2Fmedia&parent=2463"}],"wp:term":[{"taxonomy":"category","embeddable":true,"href":"https:\/\/www.wierszowisko.com\/index.php?rest_route=%2Fwp%2Fv2%2Fcategories&post=2463"},{"taxonomy":"post_tag","embeddable":true,"href":"https:\/\/www.wierszowisko.com\/index.php?rest_route=%2Fwp%2Fv2%2Ftags&post=2463"}],"curies":[{"name":"wp","href":"https:\/\/api.w.org\/{rel}","templated":true}]}}